{"id":10920,"date":"2017-02-09T14:32:31","date_gmt":"2017-02-09T11:32:31","guid":{"rendered":"http:\/\/emlaktuel.com\/?p=10920"},"modified":"2018-07-05T15:56:31","modified_gmt":"2018-07-05T12:56:31","slug":"merkez-bankasindan-cok-onemli-aciklama","status":"publish","type":"post","link":"https:\/\/emlaktuel.com\/?p=10920","title":{"rendered":"Merkez Bankas\u0131&#8217;ndan \u00e7ok \u00f6nemli a\u00e7\u0131klama"},"content":{"rendered":"<h1><\/h1>\n<p><img loading=\"lazy\" class=\"aligncenter size-full wp-image-9129\" src=\"http:\/\/emlaktuel.com\/wp-content\/uploads\/2016\/12\/headline.jpg\" alt=\"merkez bankas\u0131\" width=\"660\" height=\"330\" \/><\/p>\n<h1>&#8221; T\u00dcRK\u0130YE \u015eOKLARA KAR\u015eI G\u00dc\u00c7L\u00dc&#8221;<\/h1>\n<div class=\"image\">\n<div class=\"info\"><\/div>\n<p>&nbsp;<\/p>\n<\/div>\n<div class=\"txt\">\n<div class=\"txtIn\">\n<article id=\"contextual\" class=\"selectionShareable\">\n<h2>T\u00fcrkiye Cumhuriyet Merkez Bankas\u0131 Ba\u015fkan\u0131 Murat \u00c7etinkaya, &#8220;T\u00fcrkiye Cumhuriyet Merkez Bankas\u0131 fiyat istikrar\u0131 temel amac\u0131 do\u011frultusunda b\u00fct\u00fcn ara\u00e7lar\u0131n\u0131 kullanmaya devam edecek&#8221; dedi<\/h2>\n<p>\u00c7etinkaya&#8217;n\u0131n, Londra&#8217;da J.P. Morgan Turkey Macro and Credit Conference&#8217;taki &#8220;Makroekonomik G\u00f6r\u00fcn\u00fcm ve Para Politikas\u0131&#8221; ba\u015fl\u0131kl\u0131 sunumu bankan\u0131n resmi internet sitesinde yay\u0131mland\u0131.<\/p>\n<p><strong>T\u00dcRK\u0130YE \u015eOKLARA KAR\u015eI G\u00dc\u00c7L\u00dc<\/strong><\/p>\n<p>Sunumda T\u00fcrkiye ekonomisinin son y\u0131llarda ya\u015fanan farkl\u0131 nitelikteki \u015foklar kar\u015f\u0131s\u0131nda dayan\u0131kl\u0131l\u0131\u011f\u0131n\u0131 korudu\u011funu vurgulayan \u00c7etinkaya, \u00f6nc\u00fc g\u00f6stergelerin iktisadi faaliyette 2016 y\u0131l\u0131n\u0131n \u00fc\u00e7\u00fcnc\u00fc \u00e7eyre\u011finde g\u00f6zlenen daralman\u0131n kal\u0131c\u0131 olmad\u0131\u011f\u0131n\u0131 ve ekonominin \u0131l\u0131ml\u0131 bir toparlanma s\u00fcrecine girdi\u011fini ifade etti.<\/p>\n<p>\u00c7etinkaya, enflasyonun k\u0131sa vadede bir miktar daha y\u00fckseldikten sonra kademeli olarak d\u00fc\u015ferek y\u0131l sonunda y\u00fczde 8 d\u00fczeyinde ger\u00e7ekle\u015fmesinin beklendi\u011fini kaydetti.<\/p>\n<p><strong>SIKI POL\u0130T\u0130KAMIZ DEVAM EDECEK<\/strong><\/p>\n<p><a class=\"tkktLnk\" href=\"http:\/\/www.sabah.com.tr\/haberleri\/tcmb\" target=\"_blank\" rel=\"tag\">TCMB<\/a>&#8216;nin yak\u0131n d\u00f6nemde d\u00f6viz piyasas\u0131nda g\u00f6zlenen oynakl\u0131\u011f\u0131n fiyatlama davran\u0131\u015f\u0131 \u00fczerindeki olumsuz etkisini s\u0131n\u0131rlamak amac\u0131yla kapsaml\u0131 ve g\u00fc\u00e7l\u00fc bir parasal s\u0131k\u0131la\u015ft\u0131rma yapt\u0131\u011f\u0131n\u0131 aktaran \u00c7etinkaya, s\u0131k\u0131 parasal duru\u015f ile maliye ve para politikalar\u0131n\u0131n artan e\u015f g\u00fcd\u00fcm\u00fcn\u00fcn enflasyon \u00fczerindeki maliyet y\u00f6nl\u00fc bask\u0131lar\u0131n ikincil etkilerini s\u0131n\u0131rlayaca\u011f\u0131n\u0131 vurgulad\u0131.<\/p>\n<p>Ba\u015fkan \u00c7etinkaya, Maliye Bakanl\u0131\u011f\u0131 taraf\u0131ndan 2017 y\u0131l\u0131 i\u00e7in ilave vergi art\u0131\u015f\u0131n\u0131n \u00f6ng\u00f6r\u00fclmedi\u011finin a\u00e7\u0131klanm\u0131\u015f olmas\u0131n\u0131n bu e\u015f g\u00fcd\u00fcm\u00fcn bir \u00f6rne\u011fi oldu\u011funu bildirdi.<\/p>\n<p><strong>B\u00dcT\u00dcN ARA\u00c7LARI KULLANACA\u011eIZ<\/strong><\/p>\n<p>Mevcut para politikas\u0131 duru\u015funun net ve istikrarl\u0131 bir s\u0131k\u0131la\u015ft\u0131rmaya i\u015faret etmekte oldu\u011funu ve enflasyon dinamiklerinde belirgin bir iyile\u015fme g\u00f6zlenene kadar devam edece\u011finin alt\u0131n\u0131 \u00e7izen \u00c7etinkaya, <a class=\"tkktLnk\" href=\"http:\/\/www.sabah.com.tr\/haberleri\/merkez-bankasi\" target=\"_blank\" rel=\"tag\">Merkez Bankas\u0131<\/a>n\u0131n, fiyat istikrar\u0131 temel amac\u0131 do\u011frultusunda b\u00fct\u00fcn ara\u00e7lar\u0131n\u0131 kullanmaya devam edece\u011fini ifade etti.<\/p>\n<\/article>\n<\/div>\n<\/div>\n","protected":false},"excerpt":{"rendered":"<p>&#8221; T\u00dcRK\u0130YE \u015eOKLARA KAR\u015eI G\u00dc\u00c7L\u00dc&#8221; &nbsp; T\u00fcrkiye Cumhuriyet Merkez Bankas\u0131 Ba\u015fkan\u0131 Murat \u00c7etinkaya, &#8220;T\u00fcrkiye Cumhuriyet Merkez Bankas\u0131 fiyat istikrar\u0131 temel amac\u0131 do\u011frultusunda b\u00fct\u00fcn ara\u00e7lar\u0131n\u0131 kullanmaya devam edecek&#8221; dedi \u00c7etinkaya&#8217;n\u0131n, Londra&#8217;da J.P. Morgan Turkey Macro and Credit Conference&#8217;taki &#8220;Makroekonomik G\u00f6r\u00fcn\u00fcm ve Para Politikas\u0131&#8221; ba\u015fl\u0131kl\u0131 sunumu bankan\u0131n resmi internet sitesinde yay\u0131mland\u0131. T\u00dcRK\u0130YE \u015eOKLARA KAR\u015eI G\u00dc\u00c7L\u00dc Sunumda T\u00fcrkiye [&hellip;]<\/p>\n","protected":false},"author":1,"featured_media":9129,"comment_status":"open","ping_status":"open","sticky":false,"template":"","format":"standard","meta":{"ngg_post_thumbnail":0},"categories":[5213,1],"tags":[961,11565,4549,11228,2227,6504,6505,276,316],"_links":{"self":[{"href":"https:\/\/emlaktuel.com\/index.php?rest_route=\/wp\/v2\/posts\/10920"}],"collection":[{"href":"https:\/\/emlaktuel.com\/index.php?rest_route=\/wp\/v2\/posts"}],"about":[{"href":"https:\/\/emlaktuel.com\/index.php?rest_route=\/wp\/v2\/types\/post"}],"author":[{"embeddable":true,"href":"https:\/\/emlaktuel.com\/index.php?rest_route=\/wp\/v2\/users\/1"}],"replies":[{"embeddable":true,"href":"https:\/\/emlaktuel.com\/index.php?rest_route=%2Fwp%2Fv2%2Fcomments&post=10920"}],"version-history":[{"count":2,"href":"https:\/\/emlaktuel.com\/index.php?rest_route=\/wp\/v2\/posts\/10920\/revisions"}],"predecessor-version":[{"id":10922,"href":"https:\/\/emlaktuel.com\/index.php?rest_route=\/wp\/v2\/posts\/10920\/revisions\/10922"}],"wp:featuredmedia":[{"embeddable":true,"href":"https:\/\/emlaktuel.com\/index.php?rest_route=\/wp\/v2\/media\/9129"}],"wp:attachment":[{"href":"https:\/\/emlaktuel.com\/index.php?rest_route=%2Fwp%2Fv2%2Fmedia&parent=10920"}],"wp:term":[{"taxonomy":"category","embeddable":true,"href":"https:\/\/emlaktuel.com\/index.php?rest_route=%2Fwp%2Fv2%2Fcategories&post=10920"},{"taxonomy":"post_tag","embeddable":true,"href":"https:\/\/emlaktuel.com\/index.php?rest_route=%2Fwp%2Fv2%2Ftags&post=10920"}],"curies":[{"name":"wp","href":"https:\/\/api.w.org\/{rel}","templated":true}]}}