{"id":10909,"date":"2017-02-09T14:22:04","date_gmt":"2017-02-09T11:22:04","guid":{"rendered":"http:\/\/emlaktuel.com\/?p=10909"},"modified":"2018-07-05T15:56:17","modified_gmt":"2018-07-05T12:56:17","slug":"canakkale-1915-koprusu-10-buyuklugunde-depreme-dayanikli-yapilacak","status":"publish","type":"post","link":"https:\/\/emlaktuel.com\/?p=10909","title":{"rendered":"\u00c7anakkale 1915 K\u00f6pr\u00fcs\u00fc 10 b\u00fcy\u00fckl\u00fc\u011f\u00fcnde depreme dayan\u0131kl\u0131 yap\u0131lacak"},"content":{"rendered":"<h1><\/h1>\n<div class=\"newsInfo\"><\/div>\n<div class=\"image\"><img loading=\"lazy\" src=\"http:\/\/ia.sabah.com.tr\/63e063\/650\/344\/0\/25\/1439\/786?u=http:\/\/i.sabah.com.tr\/sbh\/2017\/02\/08\/canakkale-1915-koprusu-depreme-dayanikli-yapilacak-1486538604447.jpg\" alt=\"\u00c7anakkale 1915 K\u00f6pr\u00fcs\u00fc depreme dayan\u0131kl\u0131 yap\u0131lacak\" width=\"650\" height=\"344\" \/><\/div>\n<div class=\"txt\">\n<div class=\"txtIn\">\n<article id=\"contextual\" class=\"selectionShareable\">\n<h2>\u00c7anakkale&#8217;de art arda meydana gelen depremler g\u00f6zleri 18 Mart&#8217;ta temeli at\u0131lacak 1915 \u00c7anakkale K\u00f6pr\u00fcs\u00fc&#8217;ne \u00e7evirdi. K\u00f6pr\u00fc 10 b\u00fcy\u00fckl\u00fc\u011f\u00fcnde depreme dayan\u0131kl\u0131, fay hatlar\u0131ndan etkilenmeyen teknik donan\u0131mlarla yap\u0131lacak.<\/h2>\n<p>Daelim- Limak &#8211; SKYap\u0131 Merkezi OGG&#8217;n\u0131n, 10.4 milyar lira proje bedeli ve 16 y\u0131l 2 ay 12 g\u00fcn ile en k\u0131sa s\u00fcreyi vermesi ile sonu\u00e7lanan ihalenin kesin sonucu 17 \u015eubat&#8217;ta a\u00e7\u0131klanacak. Firma ard\u0131ndan temelin at\u0131laca\u011f\u0131 bir ayl\u0131k s\u00fcre i\u00e7erisinde projelendirmeyi tamamlayacak.<\/p>\n<p><strong>10 B\u00dcY\u00dcKL\u00dc\u011e\u00dcNDE DEPREME DAYANIKLI OLACAK<\/strong><\/p>\n<p>K\u00f6pr\u00fc 10 b\u00fcy\u00fckl\u00fc\u011f\u00fcnde depreme dayan\u0131kl\u0131, fay hatlar\u0131ndan etkilenmeyen teknik donan\u0131mlarla yap\u0131lacak. T\u00fcrkiye&#8217;nin vizyon projelerinden 1915 \u00c7anakkale K\u00f6pr\u00fcs\u00fc ve ba\u011flant\u0131 yollar\u0131 i\u00e7in temel \u00c7anakkale Zaferi ve \u015eehitleri Anma G\u00fcn\u00fc olan 18 Mart&#8217;ta at\u0131lacak. Ge\u00e7i\u015f \u00fccretleri otomobiller i\u00e7in asma k\u00f6pr\u00fcde 15 euro+KDV, otoyolda ise km ba\u015f\u0131na 0.05 cent +KDV olacak. K\u00f6pr\u00fc ve yol i\u00e7in ara\u00e7 ge\u00e7i\u015f garanti say\u0131s\u0131 45 bin otomobil e\u015fde\u011feri olarak belirlendi.<\/p>\n<p>SABAH (Bar\u0131\u015f \u015eim\u015fek)<\/p>\n<\/article>\n<\/div>\n<\/div>\n","protected":false},"excerpt":{"rendered":"<p>\u00c7anakkale&#8217;de art arda meydana gelen depremler g\u00f6zleri 18 Mart&#8217;ta temeli at\u0131lacak 1915 \u00c7anakkale K\u00f6pr\u00fcs\u00fc&#8217;ne \u00e7evirdi. K\u00f6pr\u00fc 10 b\u00fcy\u00fckl\u00fc\u011f\u00fcnde depreme dayan\u0131kl\u0131, fay hatlar\u0131ndan etkilenmeyen teknik donan\u0131mlarla yap\u0131lacak. Daelim- Limak &#8211; SKYap\u0131 Merkezi OGG&#8217;n\u0131n, 10.4 milyar lira proje bedeli ve 16 y\u0131l 2 ay 12 g\u00fcn ile en k\u0131sa s\u00fcreyi vermesi ile sonu\u00e7lanan ihalenin kesin sonucu 17 [&hellip;]<\/p>\n","protected":false},"author":1,"featured_media":10910,"comment_status":"open","ping_status":"open","sticky":false,"template":"","format":"standard","meta":{"ngg_post_thumbnail":0},"categories":[97,5388],"tags":[3536,4785,3535,6498,1475,6497,6499,1476,9079,320,2393,11416],"_links":{"self":[{"href":"https:\/\/emlaktuel.com\/index.php?rest_route=\/wp\/v2\/posts\/10909"}],"collection":[{"href":"https:\/\/emlaktuel.com\/index.php?rest_route=\/wp\/v2\/posts"}],"about":[{"href":"https:\/\/emlaktuel.com\/index.php?rest_route=\/wp\/v2\/types\/post"}],"author":[{"embeddable":true,"href":"https:\/\/emlaktuel.com\/index.php?rest_route=\/wp\/v2\/users\/1"}],"replies":[{"embeddable":true,"href":"https:\/\/emlaktuel.com\/index.php?rest_route=%2Fwp%2Fv2%2Fcomments&post=10909"}],"version-history":[{"count":1,"href":"https:\/\/emlaktuel.com\/index.php?rest_route=\/wp\/v2\/posts\/10909\/revisions"}],"predecessor-version":[{"id":10911,"href":"https:\/\/emlaktuel.com\/index.php?rest_route=\/wp\/v2\/posts\/10909\/revisions\/10911"}],"wp:featuredmedia":[{"embeddable":true,"href":"https:\/\/emlaktuel.com\/index.php?rest_route=\/wp\/v2\/media\/10910"}],"wp:attachment":[{"href":"https:\/\/emlaktuel.com\/index.php?rest_route=%2Fwp%2Fv2%2Fmedia&parent=10909"}],"wp:term":[{"taxonomy":"category","embeddable":true,"href":"https:\/\/emlaktuel.com\/index.php?rest_route=%2Fwp%2Fv2%2Fcategories&post=10909"},{"taxonomy":"post_tag","embeddable":true,"href":"https:\/\/emlaktuel.com\/index.php?rest_route=%2Fwp%2Fv2%2Ftags&post=10909"}],"curies":[{"name":"wp","href":"https:\/\/api.w.org\/{rel}","templated":true}]}}