{"id":10899,"date":"2017-02-09T12:53:15","date_gmt":"2017-02-09T09:53:15","guid":{"rendered":"http:\/\/emlaktuel.com\/?p=10899"},"modified":"2018-07-05T15:56:07","modified_gmt":"2018-07-05T12:56:07","slug":"akis-gyodan-beykoza-150-milyon-tllik-proje","status":"publish","type":"post","link":"https:\/\/emlaktuel.com\/?p=10899","title":{"rendered":"Aki\u015f GYO&#8217;dan Beykoz\u2019a 150 milyon TL\u2019lik proje!"},"content":{"rendered":"<h1 class=\"news-detail-title selectionShareable\"><img loading=\"lazy\" class=\"aligncenter size-full wp-image-10900\" src=\"http:\/\/emlaktuel.com\/wp-content\/uploads\/2017\/02\/ODc2NDYyNj-akis-gyodan-beykoza-150-milyon-tllik-proje.jpg\" alt=\"akis-gyodan-beykoza-150-milyon-tllik-proje\" width=\"468\" height=\"300\" \/><\/h1>\n<h1 class=\"news-detail-title selectionShareable\">Aki\u015f GYO A.\u015e. Y\u00f6netim Kurulu \u00dcyesi ve Genel m\u00fcd\u00fcr G\u00f6k\u015fin Durusoy, 2018 y\u0131l\u0131nda Beykoz&#8217;da 40 bin metrekare alan \u00fczerinde 150 milyon TL\u2019lik yat\u0131r\u0131mla konut ve ticari alanlar\u0131n bulundu\u011fu projeye ba\u015flayacaklar\u0131n\u0131 s\u00f6yledi.<\/h1>\n<div class=\"soc2 nmobilw\"><\/div>\n<div>\n<p>Akk\u00f6k Holding b\u00fcnyesinde faaliyetlerini s\u00fcrd\u00fcren Aki\u015f GYO, T\u00fcrkiye\u2019nin lider gayrimenkul yat\u0131r\u0131m ortakl\u0131klar\u0131ndan SAF GYO ile birle\u015fti. Birle\u015fmeyle, iki \u015firket faaliyetlerine Aki\u015f GYO \u00e7at\u0131s\u0131 alt\u0131nda devam edecek. Birle\u015fmeden \u00f6nce SAF \u00a0GYO b\u00fcnyesinde bulunan Akasya Al\u0131\u015fveri\u015f \u00a0Merkezi; Akbat\u0131 Al\u0131\u015fveri\u015f ve Ya\u015fam Merkezi\u2019nin de sahibi olan Aki\u015f GYO \u00e7at\u0131s\u0131 alt\u0131na girdi. Aki\u015f GYO\u2019nun birle\u015fme sonras\u0131 \u00f6zkaynak de\u011feri 2.5 milyar TL\u2019ye, toplam varl\u0131klar\u0131 4 milyar TL\u2019ye ve y\u0131ll\u0131k kira geliri 320 milyon TL\u2019ye y\u00fckselecek. Aki\u015f GYO bu birle\u015fmeyle T\u00fcrkiye\u2019nin en b\u00fcy\u00fck Gayrimenkul\u00a0Yat\u0131r\u0131m Ortakl\u0131klar\u0131ndan birisi oldu.<\/p>\n<h2>Durusoy: Rekabet g\u00fcc\u00fcm\u00fcz artacak<\/h2>\n<p>Aki\u015f GYO A.\u015e. \u00a0Y\u00f6netim Kurulu \u00dcyesi ve Genel M\u00fcd\u00fcr\u00fc G\u00f6k\u015fin Durusoy, SAF GYO\u2019yu b\u00fcnyelerine katarak yollar\u0131na daha g\u00fc\u00e7l\u00fc \u015fekilde devam ettiklerini belirtti. \u0130ki kurumun kaynaklar\u0131n\u0131n birle\u015fmesinin ekonomik, operasyonel ve rekabet g\u00fcc\u00fc a\u00e7\u0131s\u0131ndan \u00f6nemli avantaj sunaca\u011f\u0131n\u0131 aktaran G\u00f6k\u015fin Durusoy, \u201cOperasyonel a\u00e7\u0131dan bak\u0131l\u0131nca al\u0131\u015fveri\u015f merkezlerinin do\u011frudan tek merkeze raporlamas\u0131n\u0131n standardizasyon ve kurumsalla\u015fmaya sa\u011flayaca\u011f\u0131 katk\u0131 ile karar alma s\u00fcre\u00e7leri k\u0131salacak, y\u00f6netim avantaj\u0131 yarat\u0131lacak. Marka bilinirli\u011fi yaratma konusunda b\u00fcy\u00fck ve daha g\u00fc\u00e7l\u00fc tek bir \u015firketin \u00f6ne \u0131kmas\u0131n\u0131n sa\u011flayaca\u011f\u0131 faydalar da \u00f6nemli\u201d dedi. Birle\u015fme sonras\u0131nda do\u011fan daha b\u00fcy\u00fck \u015firketin rekabet avantaj\u0131 sa\u011flayaca\u011f\u0131n\u0131 da vurgulayan Durusoy s\u00f6zlerini \u015f\u00f6yle s\u00fcrd\u00fcrd\u00fc: \u201c\u015eirketin bilan\u00e7o b\u00fcy\u00fckl\u00fc\u011f\u00fc d\u00fc\u015f\u00fcn\u00fcld\u00fc\u011f\u00fcnde potansiyel proje kapsam\u0131 geni\u015fleyecek, proje geli\u015ftirme g\u00fcc\u00fc artacakt\u0131r. Birle\u015fme ile Aki\u015f GYO \u00f6nemli bir kira gelirine sahip olacak. \u015eirket, \u00f6nemli temett\u00fc da\u011f\u0131tma potansiyeline kavu\u015facak.\u201d<\/p>\n<h2>Cadde ma\u011fazac\u0131l\u0131\u011f\u0131na 420 milyon TL yat\u0131rd\u0131<\/h2>\n<p>420 milyon TL yat\u0131r\u0131mla y\u00fckselen cadde projelerinin 2018 y\u0131l\u0131nda tamamlanaca\u011f\u0131n\u0131 belirten Durusoy projeler hakk\u0131nda \u015fu bilgileri verdi: \u201dA\u011f\u0131rl\u0131kl\u0131 olarak perakende \u00fcniteler i\u00e7eren cadde projelerimiz, sekt\u00f6r\u00fcn ihtiya\u00e7lar\u0131na g\u00f6re modern bi\u00e7imde tasarlanarak Ba\u011fdat Caddesi\u2019nin prestijine katk\u0131da bulunacak. Cadde ma\u011fazac\u0131l\u0131\u011f\u0131nda ilk i\u015fbirli\u011fimizi Beymen ile ger\u00e7ekle\u015ftiriyoruz. Suadiye\u2019de Beymen i\u00e7in d\u00fcnya standartlar\u0131ndaki mimari yakla\u015f\u0131m\u0131m\u0131zla ger\u00e7ekle\u015ftirdi\u011fimiz \u00f6zel ma\u011faza eyl\u00fcl ay\u0131nda kap\u0131lar\u0131n\u0131 ziyaret\u00e7ilerine a\u00e7acak.<\/p>\n<h2>Yeni markas\u0131\u201cAkapartman\u201d<\/h2>\n<p>Ayr\u0131ca Durusoy, Aki\u015f GYO yeni markas\u0131 Akpartman ile de; prestijli ve hayat dolu lokasyonlarda, yenilik\u00e7i ve \u00f6zg\u00fcn tasar\u0131mlar\u0131, e\u015fsiz mimari \u00f6zellikleriyle yeni ya\u015fam alanlar\u0131 olu\u015fturmay\u0131 hedeflediklerini belirtti.. Akapartman markal\u0131 ilk proje olan \u201cAkapartman Suadiye\u201d, 3+1 ve 4+1 dubleks tipi se\u00e7enekleriyle ve panoramik deniz manzaras\u0131yla her detay\u0131 d\u00fc\u015f\u00fcn\u00fclm\u00fc\u015f \u00f6zel tasar\u0131m\u0131 ile dikkat \u00e7ekiyor.<\/p>\n<h2>Beykoz\u2019a 150 milyon TL\u2019lik proje<\/h2>\n<p>Beykoz b\u00f6lgesinde de yat\u0131r\u0131m f\u0131rsatlar\u0131n\u0131 de\u011ferlendirdiklerini ifade eden G\u00f6k\u015fin Durusoy, 2018 y\u0131l\u0131nda 40 bin metrekare alan \u00fczerinde 150 milyon TL\u2019lik yat\u0131r\u0131mla konut ve ticari alanlar\u0131n bulundu\u011fu projeye ba\u015flayacaklar\u0131n\u0131 s\u00f6zlerine ekledi.<\/p>\n<p>Web:\u00a0<a href=\"http:\/\/www.akisgyo.com\/anasayfa\">http:\/\/www.akisgyo.com\/anasayfa<\/a><\/p>\n<\/div>\n","protected":false},"excerpt":{"rendered":"<p>Aki\u015f GYO A.\u015e. Y\u00f6netim Kurulu \u00dcyesi ve Genel m\u00fcd\u00fcr G\u00f6k\u015fin Durusoy, 2018 y\u0131l\u0131nda Beykoz&#8217;da 40 bin metrekare alan \u00fczerinde 150 milyon TL\u2019lik yat\u0131r\u0131mla konut ve ticari alanlar\u0131n bulundu\u011fu projeye ba\u015flayacaklar\u0131n\u0131 s\u00f6yledi. Akk\u00f6k Holding b\u00fcnyesinde faaliyetlerini s\u00fcrd\u00fcren Aki\u015f GYO, T\u00fcrkiye\u2019nin lider gayrimenkul yat\u0131r\u0131m ortakl\u0131klar\u0131ndan SAF GYO ile birle\u015fti. Birle\u015fmeyle, iki \u015firket faaliyetlerine Aki\u015f GYO \u00e7at\u0131s\u0131 alt\u0131nda [&hellip;]<\/p>\n","protected":false},"author":1,"featured_media":10900,"comment_status":"open","ping_status":"open","sticky":false,"template":"","format":"standard","meta":{"ngg_post_thumbnail":0},"categories":[219,97,5388],"tags":[10627,6488,6489,467,11353,4721,80,106,11159],"_links":{"self":[{"href":"https:\/\/emlaktuel.com\/index.php?rest_route=\/wp\/v2\/posts\/10899"}],"collection":[{"href":"https:\/\/emlaktuel.com\/index.php?rest_route=\/wp\/v2\/posts"}],"about":[{"href":"https:\/\/emlaktuel.com\/index.php?rest_route=\/wp\/v2\/types\/post"}],"author":[{"embeddable":true,"href":"https:\/\/emlaktuel.com\/index.php?rest_route=\/wp\/v2\/users\/1"}],"replies":[{"embeddable":true,"href":"https:\/\/emlaktuel.com\/index.php?rest_route=%2Fwp%2Fv2%2Fcomments&post=10899"}],"version-history":[{"count":1,"href":"https:\/\/emlaktuel.com\/index.php?rest_route=\/wp\/v2\/posts\/10899\/revisions"}],"predecessor-version":[{"id":10901,"href":"https:\/\/emlaktuel.com\/index.php?rest_route=\/wp\/v2\/posts\/10899\/revisions\/10901"}],"wp:featuredmedia":[{"embeddable":true,"href":"https:\/\/emlaktuel.com\/index.php?rest_route=\/wp\/v2\/media\/10900"}],"wp:attachment":[{"href":"https:\/\/emlaktuel.com\/index.php?rest_route=%2Fwp%2Fv2%2Fmedia&parent=10899"}],"wp:term":[{"taxonomy":"category","embeddable":true,"href":"https:\/\/emlaktuel.com\/index.php?rest_route=%2Fwp%2Fv2%2Fcategories&post=10899"},{"taxonomy":"post_tag","embeddable":true,"href":"https:\/\/emlaktuel.com\/index.php?rest_route=%2Fwp%2Fv2%2Ftags&post=10899"}],"curies":[{"name":"wp","href":"https:\/\/api.w.org\/{rel}","templated":true}]}}