{"id":10848,"date":"2017-02-07T12:05:08","date_gmt":"2017-02-07T09:05:08","guid":{"rendered":"http:\/\/emlaktuel.com\/?p=10848"},"modified":"2018-07-05T15:55:36","modified_gmt":"2018-07-05T12:55:36","slug":"10848","status":"publish","type":"post","link":"https:\/\/emlaktuel.com\/?p=10848","title":{"rendered":"Derbi ma\u00e7\u0131n cezalar\u0131 belli oldu"},"content":{"rendered":"<h1><\/h1>\n<div class=\"image\">\n<p><img loading=\"lazy\" src=\"http:\/\/i.sabah.com.tr\/sb\/fotohaber\/sayfalama\/derbi-cezalari-belli-oldu\/1_hd1.jpg\" alt=\"Derbi cezalar\u0131 belli oldu\" width=\"650\" height=\"344\" \/><\/p>\n<\/div>\n<div class=\"txt\">\n<div class=\"txtIn\">\n<article id=\"contextual\" class=\"selectionShareable\">Sahadaki futboldan \u00e7ok ya\u015fanan olaylar, hakem kararlar\u0131 ve kar\u015f\u0131l\u0131kl\u0131 su\u00e7lamalar\u0131yla konu\u015fulan Be\u015fikta\u015f-Fenerbah\u00e7e Ziraat T\u00fcrkiye Kupas\u0131 son 16 ma\u00e7\u0131, temsilci raporlar\u0131 ve olas\u0131 cezalarla bir s\u00fcre daha g\u00fcndemden d\u00fc\u015fmeyecek.Ma\u00e7a damgas\u0131n\u0131 vuran Tosic-Van Persie diyalo\u011funun yan\u0131 s\u0131ra devre aras\u0131nda \u00e7\u0131k\u0131\u015f t\u00fcneli ve kar\u015f\u0131la\u015fman\u0131n bitiminde soyunma odas\u0131 koridorlar\u0131nda ya\u015fananlar, sahaya inen taraftar ile her iki tak\u0131m taraftar\u0131n\u0131n \u00e7irkin ve k\u00fcf\u00fcrl\u00fc tezah\u00fcratlar\u0131 can yakacak cezalara neden olacak.<\/p>\n<p>Ma\u00e7\u0131n temsilcileri Candemir \u00d6zdemir, Mehmet Ali Yurtsever ve Mehmet Sar\u0131buva&#8217;n\u0131n Futbol Federasyonu&#8217;na ula\u015fan raporlar\u0131na g\u00f6re k\u0131rm\u0131z\u0131 kart g\u00f6rd\u00fckten sonra uzun s\u00fcre sahadan \u00e7\u0131kmak istemeyen ve tak\u0131m arkada\u015flar\u0131 taraf\u0131ndan yat\u0131\u015ft\u0131r\u0131lmak istenen Tosic&#8217;in, ma\u00e7\u0131n ikinci yar\u0131s\u0131n\u0131 \u00e7\u0131k\u0131\u015f t\u00fcnelinde bir ba\u015fkas\u0131n\u0131n akreditasyon kart\u0131 ile izlemesi kay\u0131tlara ge\u00e7ti.<\/p>\n<p><strong>8 MA\u00c7A KADAR CEZA<\/strong><br \/>\nTosic&#8217;in bu eylemi belgelerle kan\u0131tlan\u0131rsa, ihra\u00e7 nedeniyle alaca\u011f\u0131 asgari \u00fc\u00e7 ma\u00e7\u0131n haricinde, disiplin talimat\u0131n\u0131n &#8220;Belgelerin haks\u0131z kullan\u0131m\u0131&#8221; ba\u015fl\u0131kl\u0131 47. maddesine g\u00f6re (sekiz ma\u00e7a kadar) \u00e7ok daha a\u011f\u0131r bir cezayla kar\u015f\u0131 kar\u015f\u0131ya kalacak.<\/p>\n<p><strong>BE\u015e\u0130KTA\u015e&#8217;A KAPAMA<\/strong><\/p>\n<p>Ma\u00e7\u0131n son b\u00f6l\u00fcmlerinde sahaya bir taraftar\u0131n inmesi, siyah-beyazl\u0131 trib\u00fcnlerin \u00e7irkin ve k\u00f6t\u00fc tezah\u00fcrat\u0131, sahaya at\u0131lan tehlikeli maddeler ve bunlardan birinin Fenerbah\u00e7e menajeri Hasan \u00c7etinkaya&#8217;ya isabet edip yaralanmas\u0131na sebep olmas\u0131 da, temsilci raporlar\u0131nda yer ald\u0131.<\/p>\n<p>Talimata ayk\u0131r\u0131 bu eylemler Be\u015fikta\u015f sahas\u0131n\u0131n kapat\u0131lmas\u0131na, ilgili trib\u00fcnlere giren taraftar\u0131n e-kartlar\u0131n\u0131n bloke edilmesine ve a\u011f\u0131r para cezas\u0131na yol a\u00e7acak. Ancak siyah-beyazl\u0131 kul\u00fcp saha kapatma cezas\u0131 alsa da bunu gelecek sezon yine kupada \u00e7ekecek. Fenerbah\u00e7e taraftar\u0131na ayr\u0131lan trib\u00fcnden yap\u0131lan \u00e7irkin ve k\u00f6t\u00fc tezah\u00fcrat ise sar\u0131-lacivertli kul\u00fcbe para cezas\u0131 olarak yans\u0131yacak. Be\u015fikta\u015f y\u00f6neticisi Metin Albayrak&#8217;\u0131n da koridorda hakemlere y\u00f6nelik ifadeleri nedeniyle PFDK&#8217;ya g\u00f6nderilece\u011fi \u00f6\u011frenildi.<\/p>\n<p><strong>G\u00dcNE\u015e RAPOR ED\u0130LD\u0130<\/strong><\/p>\n<p>Kar\u015f\u0131la\u015fman\u0131n ilk yar\u0131s\u0131 sonunda \u00e7\u0131k\u0131\u015f t\u00fcnelinde ya\u015fanan arbede temsilcilerin dikkatinden ka\u00e7mad\u0131. \u00d6zellikle Be\u015fikta\u015f Teknik Direkt\u00f6r\u00fc \u015eenol G\u00fcne\u015f ile Fenerbah\u00e7eli Kjaer aras\u0131ndaki diyalog, Volkan Demirel ve Be\u015fikta\u015f yard\u0131mc\u0131 antren\u00f6r\u00fc Tamer Tuna aras\u0131ndaki iti\u015fme raporlara yaz\u0131ld\u0131.<\/p>\n<p>TFF Hukuk M\u00fc\u015favirli\u011finin g\u00f6r\u00fcnt\u00fcler ve medyaya yans\u0131yan foto\u011fraflar\u0131 de\u011ferlendirdikten sonra ad\u0131 ge\u00e7en teknik adam ve futbolcular\u0131n sevkine dair i\u015flem yapabilecek. G\u00fcne\u015f bu olaylarda sorumlu g\u00f6r\u00fcl\u00fcrse 1 ile 3 ma\u00e7 aras\u0131 soyunma odas\u0131na giri\u015f yasa\u011f\u0131 alabilecek. Volkan Demirel ve Kjaer&#8217;in de asgari 1&#8217;er ma\u00e7 ceza almas\u0131 g\u00fcndemde.<\/p>\n<p><strong>PERS\u0130E&#8217;YE TAK\u0130P<\/strong><\/p>\n<p>Be\u015fikta\u015f cephesince ma\u00e7\u0131 provake etti\u011fi ile s\u00fcr\u00fclen Robin van Persie&#8217;nin m\u00fcsabaka s\u0131ras\u0131nda trib\u00fcnlere dil \u00e7\u0131karmas\u0131, Tosic&#8217;in at\u0131lmas\u0131 sonras\u0131 elini \u015fortunun i\u00e7ine koyarak centilmenli\u011fe ayk\u0131r\u0131 bir davran\u0131\u015f sergilemesi de incelemeye al\u0131nacak.<\/p>\n<p>Hukuk M\u00fc\u015favirli\u011fi&#8217;nin talep etmesi durumunda Hollandal\u0131 oyuncunun bu eylemleri televizyon g\u00f6r\u00fcnt\u00fclerinden izlenecek ve PFDK&#8217;ya sevk edilip edilmeyece\u011fine karar verilecek. Bilindi\u011fi gibi y\u0131llar \u00f6nce Pascal Nouma&#8217;n\u0131n benzeri bir hareketine g\u00f6r\u00fcnt\u00fcler izlendikten sonra 7 ay ceza verilmi\u015fti.<\/p>\n<p>M\u0130LL\u0130YET<\/p>\n<\/article>\n<\/div>\n<\/div>\n","protected":false},"excerpt":{"rendered":"<p>Sahadaki futboldan \u00e7ok ya\u015fanan olaylar, hakem kararlar\u0131 ve kar\u015f\u0131l\u0131kl\u0131 su\u00e7lamalar\u0131yla konu\u015fulan Be\u015fikta\u015f-Fenerbah\u00e7e Ziraat T\u00fcrkiye Kupas\u0131 son 16 ma\u00e7\u0131, temsilci raporlar\u0131 ve olas\u0131 cezalarla bir s\u00fcre daha g\u00fcndemden d\u00fc\u015fmeyecek.Ma\u00e7a damgas\u0131n\u0131 vuran Tosic-Van Persie diyalo\u011funun yan\u0131 s\u0131ra devre aras\u0131nda \u00e7\u0131k\u0131\u015f t\u00fcneli ve kar\u015f\u0131la\u015fman\u0131n bitiminde soyunma odas\u0131 koridorlar\u0131nda ya\u015fananlar, sahaya inen taraftar ile her iki tak\u0131m taraftar\u0131n\u0131n \u00e7irkin [&hellip;]<\/p>\n","protected":false},"author":1,"featured_media":10849,"comment_status":"open","ping_status":"open","sticky":false,"template":"","format":"standard","meta":{"ngg_post_thumbnail":0},"categories":[5214],"tags":[4444,6478,187,6479,11419,2659,316],"_links":{"self":[{"href":"https:\/\/emlaktuel.com\/index.php?rest_route=\/wp\/v2\/posts\/10848"}],"collection":[{"href":"https:\/\/emlaktuel.com\/index.php?rest_route=\/wp\/v2\/posts"}],"about":[{"href":"https:\/\/emlaktuel.com\/index.php?rest_route=\/wp\/v2\/types\/post"}],"author":[{"embeddable":true,"href":"https:\/\/emlaktuel.com\/index.php?rest_route=\/wp\/v2\/users\/1"}],"replies":[{"embeddable":true,"href":"https:\/\/emlaktuel.com\/index.php?rest_route=%2Fwp%2Fv2%2Fcomments&post=10848"}],"version-history":[{"count":2,"href":"https:\/\/emlaktuel.com\/index.php?rest_route=\/wp\/v2\/posts\/10848\/revisions"}],"predecessor-version":[{"id":10851,"href":"https:\/\/emlaktuel.com\/index.php?rest_route=\/wp\/v2\/posts\/10848\/revisions\/10851"}],"wp:featuredmedia":[{"embeddable":true,"href":"https:\/\/emlaktuel.com\/index.php?rest_route=\/wp\/v2\/media\/10849"}],"wp:attachment":[{"href":"https:\/\/emlaktuel.com\/index.php?rest_route=%2Fwp%2Fv2%2Fmedia&parent=10848"}],"wp:term":[{"taxonomy":"category","embeddable":true,"href":"https:\/\/emlaktuel.com\/index.php?rest_route=%2Fwp%2Fv2%2Fcategories&post=10848"},{"taxonomy":"post_tag","embeddable":true,"href":"https:\/\/emlaktuel.com\/index.php?rest_route=%2Fwp%2Fv2%2Ftags&post=10848"}],"curies":[{"name":"wp","href":"https:\/\/api.w.org\/{rel}","templated":true}]}}