{"id":10828,"date":"2017-02-07T11:37:29","date_gmt":"2017-02-07T08:37:29","guid":{"rendered":"http:\/\/emlaktuel.com\/?p=10828"},"modified":"2018-07-05T15:55:21","modified_gmt":"2018-07-05T12:55:21","slug":"4-ulusal-her-yonuyle-kentsel-donusum-kongresi-23-subatta-yapilacak","status":"publish","type":"post","link":"https:\/\/emlaktuel.com\/?p=10828","title":{"rendered":"4. Ulusal Her Y\u00f6n\u00fcyle Kentsel D\u00f6n\u00fc\u015f\u00fcm Kongresi 23 \u015eubatta yap\u0131lacak"},"content":{"rendered":"<div>\n<div id=\"haberdetaybaslik\">\n<h1><img loading=\"lazy\" class=\"aligncenter size-full wp-image-10829\" src=\"http:\/\/emlaktuel.com\/wp-content\/uploads\/2017\/02\/kentsel-donusum-630x360.jpg\" alt=\"kentsel-donusum-630x360\" width=\"660\" height=\"380\" \/><\/h1>\n<h1>23 \u015eubat 2017 Per\u015fembe g\u00fcn\u00fc &#8220;S\u00fcrd\u00fcr\u00fclebilir \u015eehirler ve Binalar&#8221; konulu konferansta gayrimenkul sekt\u00f6r\u00fc kentsel d\u00f6n\u00fc\u015f\u00fcm\u00fc tart\u0131\u015facak.<\/h1>\n<div><\/div>\n<\/div>\n<div><\/div>\n<\/div>\n<div><\/div>\n<div>\n<div><\/div>\n<p><span style=\"color: #2e2e2e;\">T\u00fcrkiye g\u00fcndeminin son y\u0131llardaki en \u00f6nemli konu ba\u015fl\u0131klar\u0131ndan biri olan kentsel d\u00f6n\u00fc\u015f\u00fcm bu y\u0131l 4.&#8217;s\u00fc d\u00fczenlenen Ulusal Her Y\u00f6n\u00fcyle Kentsel D\u00f6n\u00fc\u015f\u00fcm Kongresi&#8217;nde masaya yat\u0131r\u0131lacak.<\/p>\n<p>23 \u015eubat 2017 Per\u015fembe g\u00fcn\u00fc \u0130stanbul Swissotel\u2019de ger\u00e7ekle\u015ftirilecek <strong>4. Ulusal Her Y\u00f6n\u00fcyle Kentsel D\u00f6n\u00fc\u015f\u00fcm Kongresi<\/strong>\u2019ne <strong>\u00c7evre ve \u015eehircilik Bakan\u0131 Mehmet \u00d6zhaseki<\/strong>,<strong> \u0130stanbul B\u00fcy\u00fck\u015fehir Belediyesi Ba\u015fkan\u0131 Dr. Kadir Topba<\/strong>\u015f, Gayrimenkul ve Gayrimenkul Yat\u0131r\u0131m Ortakl\u0131\u011f\u0131 Derne\u011fi &#8211;<strong> GYODER<\/strong> &#8211; <strong>\u0130cra Kurulu \u00dcyesi Haluk Sur<\/strong>, ba\u015fta olmak \u00fczere gayrimenkul sekt\u00f6r\u00fcn\u00fcn \u00f6nde gelen temsilcileri ile T\u00fcrkiye&#8217;nin d\u00f6rt bir yan\u0131ndan belediye ba\u015fkanlar\u0131 konu\u015fmac\u0131 olarak yer alacak.<br \/>\nS\u00fcrd\u00fcr\u00fclebilir \u015eehirler ve Binalar temas\u0131yla ger\u00e7ekle\u015ftirilecek olan kongrede, s\u00fcrd\u00fcr\u00fclebilir \u015fehirler i\u00e7in kentsel d\u00f6n\u00fc\u015f\u00fcm\u00fcn \u00f6nemi, gayrimenkul sekt\u00f6r\u00fcn\u00fcn kentsel d\u00f6n\u00fc\u015f\u00fcme bak\u0131\u015f\u0131, kentsel d\u00f6n\u00fc\u015f\u00fcm s\u00fcrecine farkl\u0131 bak\u0131\u015f ve \u00f6neriler ile kentsel d\u00f6n\u00fc\u015f\u00fcm i\u00e7in alternatif finansman modelleri gibi konular 4 farkl\u0131 oturumda i\u015flenecek. T\u00fcrkiye&#8217;de 2012 y\u0131l\u0131nda 6306 say\u0131l\u0131 kanunla ba\u015flayan kentsel d\u00f6n\u00fc\u015f\u00fcm s\u00fcrecinin temel ta\u015flar\u0131ndan olan gayrimenkul \u015firketleri ile belediye ba\u015fkanlar\u0131n\u0131 bir araya getirecek olan etkinlikte g\u00fcn boyu kat\u0131l\u0131mc\u0131lar bilgilendirilecek.<\/p>\n<p><strong>A\u00e7\u0131l\u0131\u015f konu\u015fmas\u0131n\u0131 \u00d6zhaseki ve Topba\u015f yapacak<\/strong><br \/>\n\u00c7evre ve \u015eehircilik Bakan\u0131 Say\u0131n <strong>Mehmet \u00d6zhaseki, <\/strong>\u0130stanbul B\u00fcy\u00fck\u015fehir Belediye Ba\u015fkan\u0131 Say\u0131n <strong>Kadir Topba\u015f<\/strong> ve GYODER \u0130cra Kurulu \u00dcyesi <strong>Haluk Sur<\/strong>&#8216;un a\u00e7\u0131l\u0131\u015f konu\u015fmalar\u0131yla ba\u015flayacak olan kongrede Kentsel Strateji Kurucu Orta\u011f\u0131 <strong>Faruk G\u00f6ksu<\/strong>&#8216;nun ba\u015fkanl\u0131\u011f\u0131ndaki &#8220;S\u00fcrd\u00fcr\u00fclebilir \u015eehirler Yaratmada Kentsel D\u00f6n\u00fc\u015f\u00fcm\u00fcn \u00d6nemi&#8221; ba\u015fl\u0131kl\u0131 ilk oturumda Bal\u0131kesir, Hatay, Adana, Kayseri b\u00fcy\u00fck\u015fehir belediyelerinin ba\u015fkanlar\u0131 konu\u015fmac\u0131 olarak s\u00f6z alacak.<br \/>\nBloomberg HT Haber Koordinat\u00f6r\u00fc <strong>Ali \u00c7a\u011fatay<\/strong>&#8216;\u0131n ba\u015fkanl\u0131\u011f\u0131ndaki ikinci oturumda ise Avrupa Konutlar\u0131, Nef, Teknik Yap\u0131, Piyalepa\u015fa Gayrimenkul, Kuya\u015f Gayrimenkul gibi sekt\u00f6r\u00fcn \u00f6nemli gayrimenkul \u015firketleri 2017 y\u0131l\u0131na dair kentsel d\u00f6n\u00fc\u015f\u00fcme bak\u0131\u015flar\u0131n\u0131 kat\u0131l\u0131mc\u0131lara aktaracak.<br \/>\nGayrimenkul Hukuku Enstit\u00fcs\u00fc Ba\u015fkan\u0131 <strong>Av. Ali Y\u00fcksel<\/strong> ve Atlas Conceptia Y\u00f6netim Kurulu Ba\u015fkan\u0131 <strong>Tavit K\u00f6letavito\u011flu<\/strong>&#8216;nun kat\u0131ld\u0131\u011f\u0131 \u00fc\u00e7\u00fcnc\u00fc oturumda kentsel d\u00f6n\u00fc\u015f\u00fcm s\u00fcrecine farkl\u0131 bak\u0131\u015f a\u00e7\u0131lar\u0131 ve \u00f6neriler de\u011ferlendirilecek. D\u00f6rd\u00fcnc\u00fc oturumun konu ba\u015fl\u0131\u011f\u0131 ise kentsel d\u00f6n\u00fc\u015f\u00fcme alternatif finansman modelleri olacak.<\/p>\n<p><strong>Sekt\u00f6r devleri kongreyi destekliyor<\/strong><br \/>\n4. Ulusal Her Y\u00f6n\u00fcyle Kentsel D\u00f6n\u00fc\u015f\u00fcm Kongresi&#8217;ne Avrupa Konutlar\u0131, Kuya\u015f Gayrimenkul, Piyalepa\u015fa Gayrimenkul ve Era Gayrimenkul, Sera Yat\u0131r\u0131m ve \u0130n\u015faat, Gayrimenkul Hukuku Enstit\u00fcs\u00fc ve Bit\u00fcder sponsorluk deste\u011fi veriyor.<br \/>\nManagement Plus&#8217;\u0131n organize etti\u011fi kongrenin medya sponsorlu\u011funu ise Bloomberg HT yap\u0131yor.<br \/>\nT\u00fcrkiye&#8217;de gayrimenkul sekt\u00f6r\u00fcn\u00fcn \u00f6nemli markalar\u0131ndan Zingat.com ve Reidin.com, Emlakdream.com, Real Estate News Turkey, Emlakweb TV ve Gayrimenkul T\u00fcrkiye ile birlikte T\u00fcrkiye De\u011ferleme Uzmanlar\u0131 Birli\u011fi de kongrenin destek\u00e7ileri aras\u0131nda yer al\u0131yor.<\/p>\n<p><strong>KONGRE PROGRAMI \u015e\u00d6YLE:<\/strong><\/p>\n<p><strong>A\u00e7\u0131l\u0131\u015f Konu\u015fmalar\u0131 \/ 09.30 \u2013 10.30<\/strong><br \/>\nHaluk SUR \u2013 GYODER Ba\u015fkan Yard\u0131mc\u0131s\u0131<br \/>\nDr. Kadir TOPBA\u015e \u2013 \u0130stanbul B\u00fcy\u00fck\u015fehir Belediye Ba\u015fkan\u0131<br \/>\nMehmet \u00d6ZHASEK\u0130 \u2013 T.C. \u00c7evre ve \u015eehircilik Bakanl\u0131\u011f\u0131 Bakan\u0131<\/p>\n<p><strong>Ana Oturum 1\u2013<br \/>\n\u201cS\u00fcrd\u00fcr\u00fclebilir \u015eehirler Yaratmada Kentsel D\u00f6n\u00fc\u015f\u00fcm\u00fcn \u00d6nemi\u201d \u00a0 11.00 \u2013 12.30<\/strong><\/p>\n<p><strong>Oturum Ba\u015fkan\u0131 : Faruk G\u00d6KSU \u2013 Kentsel Strateji Kurucu Orta\u011f\u0131<\/strong><br \/>\nAhmet Edip U\u011eUR \u2013 Bal\u0131kesir B\u00fcy\u00fck\u015fehir Belediye Ba\u015fkan\u0131<br \/>\n<strong>Kentsel D\u00f6n\u00fc\u015f\u00fcmle Bal\u0131kesir\u2019 in De\u011fi\u015fen \u00c7ehresi \u00a0<\/strong><br \/>\nDo\u00e7. Dr. L\u00fctf\u00fc SAVA\u015e \u2013 Hatay B\u00fcy\u00fck\u015fehir Belediye Ba\u015fkan\u0131<br \/>\n<strong>Kentsel D\u00f6n\u00fc\u015f\u00fcm \u0130le Tarihi Dokunun Meydana \u00c7\u0131kar\u0131lmas\u0131n\u0131n \u00d6nemi<\/strong><br \/>\nMustafa \u00c7EL\u0130K \u2013 Kayseri B\u00fcy\u00fck\u015fehir Belediye Ba\u015fkan\u0131<br \/>\n<strong>Kayseri\u2019 de Kentsel D\u00f6n\u00fc\u015f\u00fcm \u00c7al\u0131\u015fmalar\u0131n\u0131n Genel Durumu<\/strong><br \/>\nH\u00fcseyin S\u00d6ZL\u00dc \u2013 Adana B\u00fcy\u00fck\u015fehir Belediye Ba\u015fkan\u0131<br \/>\n<strong>Adana\u2019 n\u0131n Kentsel D\u00f6n\u00fc\u015f\u00fcm Yolculu\u011fu<\/strong><br \/>\n\u0130smail Hakk\u0131 EDEBAL\u0130 \u2013 Bursa Y\u0131ld\u0131r\u0131m Belediye Ba\u015fkan\u0131<br \/>\n<strong>Bursa Y\u0131ld\u0131r\u0131m da Kentsel D\u00f6n\u00fc\u015f\u00fcm S\u00fcreci ve Planlanan Projeler<\/strong><br \/>\n<strong>\u00d6\u011fle Yeme\u011fi\u00a0 \/ 12.30 \u2013 13.30<\/strong><\/p>\n<p><strong>Ana Oturum 2 \u2013<br \/>\n\u201c2017 Y\u0131l\u0131nda Gayrimenkul Sekt\u00f6r\u00fcn\u00fcn Kentsel D\u00f6n\u00fc\u015f\u00fcme Bak\u0131\u015f\u0131\u201d \/ 13.30 \u2013 15.00<\/strong><\/p>\n<p><strong>Oturum Ba\u015fkan\u0131 : Ali \u00c7A\u011eATAY &#8211; <\/strong><strong>Bloomberg HT Haber Koordinat\u00f6r\u00fc<\/strong><br \/>\nS\u00fcleyman \u00c7ET\u0130NSAYA \u2013 Avrupa Konutlar\u0131 Y\u00f6netim Kurulu Ba\u015fkan\u0131<br \/>\n<strong>Kentsel D\u00f6n\u00fc\u015f\u00fcm Neden Gelece\u011fimiz? <\/strong><br \/>\nErden T\u0130MUR \u2013 Nef \u0130cra Kurulu Ba\u015fkan\u0131<\/p>\n<p><strong>Kentsel D\u00f6n\u00fc\u015f\u00fcmde \u0130novatif ve Teknolojik Projeler Yaratman\u0131n \u00d6nemi <\/strong><\/p>\n<p>Nazmi DURBAKAYIM \u2013 Teknik Yap\u0131 Holding Y\u00f6netim Kurulu Ba\u015fkan\u0131<\/p>\n<p><strong>Kentsel D\u00f6n\u00fc\u015f\u00fcm\u00fc Nas\u0131l Geli\u015ftirmeliyiz?<\/strong><\/p>\n<p>Kaan Y\u00dcCEL \u2013 Piyalepa\u015fa Gayrimenkul Genel M\u00fcd\u00fcr\u00fc<\/p>\n<p><strong>\u00d6rnek Bir Kentsel D\u00f6n\u00fc\u015f\u00fcm Projesi \u2013 Piyalepa\u015fa<\/strong><\/p>\n<p>Zafer YURTSEVER \u2013 Kuya\u015f Gayrimenkul Genel M\u00fcd\u00fcr Yard\u0131mc\u0131s\u0131<\/p>\n<p><strong>Kentsel D\u00f6n\u00fc\u015f\u00fcm\u00fcn Sosyal Boyutu<\/strong><\/p>\n<p><strong>Ana Oturum &#8211; 3 :<br \/>\n\u201cKentsel D\u00f6n\u00fc\u015f\u00fcm S\u00fcrecine Farkl\u0131 Bak\u0131\u015f A\u00e7\u0131lar\u0131 ve \u00d6neriler\u201d \/ 15.00 \u2013 16.30<\/strong><\/p>\n<p><strong>Oturum Ba\u015fkan\u0131 : Tavit K\u00d6LETAV\u0130TO\u011eLU \u2013 Atlas Conceptia Y\u00f6netim Kurulu Ba\u015fkan\u0131<\/strong><\/p>\n<p>Av. Ali Y\u00dcKSEL \u2013 Gayrimenkul Hukuku Enstit\u00fcs\u00fc Ba\u015fkan\u0131<\/p>\n<p><strong>Kentsel D\u00f6n\u00fc\u015f\u00fcm S\u00fcrecine Hukuki \u00c7\u00f6z\u00fcmler ve \u00d6neriler<\/strong><\/p>\n<p>Sadi \u00d6ZDEM\u0130R \u2013 H\u00fcrriyet Gazetesi Ekonomi M\u00fcd\u00fcr Yard\u0131mc\u0131s\u0131<\/p>\n<p><strong>2017 Y\u0131l\u0131nda Ekonomik A\u00e7\u0131dan Kentsel D\u00f6n\u00fc\u015f\u00fcme Bak\u0131\u015f<\/strong><\/p>\n<p>Can EK\u015e\u0130O\u011eLU \u2013 Era T\u00fcrkiye Ba\u015fkan\u0131<\/p>\n<p><strong>Kentsel D\u00f6n\u00fc\u015f\u00fcm S\u00fcrecinde Gayrimenkul Dan\u0131\u015fmanlar\u0131na D\u00fc\u015fen G\u00f6revler<\/strong><\/p>\n<p>G\u00fcliz \u00d6RNEK \u2013 TUREEFF Proje M\u00fcd\u00fcr\u00fc<\/p>\n<p><strong>Kentsel D\u00f6n\u00fc\u015f\u00fcm ve Enerji Verimlili\u011finin Artt\u0131r\u0131lmas\u0131 \u0130li\u015fkisi Nas\u0131l Sa\u011flanmal\u0131?<\/strong><\/p>\n<p><strong>\u00c7ay-Kahve Aras\u0131 \/ 16.30-16.45 <\/strong><\/p>\n<p><strong>Ana Oturum &#8211; 4 :<br \/>\n\u201cKentsel D\u00f6n\u00fc\u015f\u00fcme Alternatif Finansman Modelleri\u201d \/ 16.45 \u2013 18.15<\/strong><\/p>\n<p><strong>Oturum Ba\u015fkan\u0131 : Ersun BAYRAKTARO\u011eLU \u2013 PWC Orta\u011f\u0131<\/strong><\/p>\n<p>Recep HAK\u0130 \u2013 \u0130\u015f Bankas\u0131 Bireysel Krediler M\u00fcd\u00fcr\u00fc<\/p>\n<p><strong>Kentsel D\u00f6n\u00fc\u015f\u00fcm Finansman\u0131nda Bankac\u0131l\u0131k Uygulamalar\u0131\u00a0 <\/strong><\/p>\n<p>Bekir Yener YILDIRIM \u2013 T\u00fcrkiye De\u011ferleme Uzmanlar\u0131 Birli\u011fi Ba\u015fkan\u0131<\/p>\n<p><strong>Kentsel D\u00f6n\u00fc\u015f\u00fcme Alternatif Finansman Modelleri Nelerdir?<\/strong><\/p>\n<p>Ahmet KAYHAN \u2013 Reidin.com Y\u00f6netim Kurulu Ba\u015fkan\u0131<\/p>\n<p><strong>Kentsel D\u00f6n\u00fc\u015f\u00fcm \u0130\u00e7in Yurtd\u0131\u015f\u0131 Finansman\u0131 Nas\u0131l Sa\u011flanmal\u0131<\/strong><\/p>\n<p>Do\u00e7. Dr. Ali HEP\u015eEN \u2013 \u0130stanbul \u00dcniversitesi \u0130\u015fletme Fak\u00fcltesi<\/p>\n<p><strong>Kentsel D\u00f6n\u00fc\u015f\u00fcm\u00fcn Finansman Modeli Nas\u0131l Olmal\u0131?<\/strong><\/p>\n<p><strong>Kongre \u00c7ekili\u015fi : 18.15 <\/strong>\u00a0 \u00a0 \u00a0 \u00a0 \u00a0 \u00a0 \u00a0 \u00a0 \u00a0 \u00a0<\/span><\/p>\n<\/div>\n","protected":false},"excerpt":{"rendered":"<p>23 \u015eubat 2017 Per\u015fembe g\u00fcn\u00fc &#8220;S\u00fcrd\u00fcr\u00fclebilir \u015eehirler ve Binalar&#8221; konulu konferansta gayrimenkul sekt\u00f6r\u00fc kentsel d\u00f6n\u00fc\u015f\u00fcm\u00fc tart\u0131\u015facak. T\u00fcrkiye g\u00fcndeminin son y\u0131llardaki en \u00f6nemli konu ba\u015fl\u0131klar\u0131ndan biri olan kentsel d\u00f6n\u00fc\u015f\u00fcm bu y\u0131l 4.&#8217;s\u00fc d\u00fczenlenen Ulusal Her Y\u00f6n\u00fcyle Kentsel D\u00f6n\u00fc\u015f\u00fcm Kongresi&#8217;nde masaya yat\u0131r\u0131lacak. 23 \u015eubat 2017 Per\u015fembe g\u00fcn\u00fc \u0130stanbul Swissotel\u2019de ger\u00e7ekle\u015ftirilecek 4. Ulusal Her Y\u00f6n\u00fcyle Kentsel D\u00f6n\u00fc\u015f\u00fcm Kongresi\u2019ne [&hellip;]<\/p>\n","protected":false},"author":1,"featured_media":10829,"comment_status":"open","ping_status":"open","sticky":false,"template":"","format":"standard","meta":{"ngg_post_thumbnail":0},"categories":[97,5388],"tags":[4480,62,107,1923,2241,5596,11288,11526,88,11399,11432,80,11416],"_links":{"self":[{"href":"https:\/\/emlaktuel.com\/index.php?rest_route=\/wp\/v2\/posts\/10828"}],"collection":[{"href":"https:\/\/emlaktuel.com\/index.php?rest_route=\/wp\/v2\/posts"}],"about":[{"href":"https:\/\/emlaktuel.com\/index.php?rest_route=\/wp\/v2\/types\/post"}],"author":[{"embeddable":true,"href":"https:\/\/emlaktuel.com\/index.php?rest_route=\/wp\/v2\/users\/1"}],"replies":[{"embeddable":true,"href":"https:\/\/emlaktuel.com\/index.php?rest_route=%2Fwp%2Fv2%2Fcomments&post=10828"}],"version-history":[{"count":1,"href":"https:\/\/emlaktuel.com\/index.php?rest_route=\/wp\/v2\/posts\/10828\/revisions"}],"predecessor-version":[{"id":10830,"href":"https:\/\/emlaktuel.com\/index.php?rest_route=\/wp\/v2\/posts\/10828\/revisions\/10830"}],"wp:featuredmedia":[{"embeddable":true,"href":"https:\/\/emlaktuel.com\/index.php?rest_route=\/wp\/v2\/media\/10829"}],"wp:attachment":[{"href":"https:\/\/emlaktuel.com\/index.php?rest_route=%2Fwp%2Fv2%2Fmedia&parent=10828"}],"wp:term":[{"taxonomy":"category","embeddable":true,"href":"https:\/\/emlaktuel.com\/index.php?rest_route=%2Fwp%2Fv2%2Fcategories&post=10828"},{"taxonomy":"post_tag","embeddable":true,"href":"https:\/\/emlaktuel.com\/index.php?rest_route=%2Fwp%2Fv2%2Ftags&post=10828"}],"curies":[{"name":"wp","href":"https:\/\/api.w.org\/{rel}","templated":true}]}}