{"id":10803,"date":"2017-02-04T13:03:57","date_gmt":"2017-02-04T10:03:57","guid":{"rendered":"http:\/\/emlaktuel.com\/?p=10803"},"modified":"2018-07-05T15:54:52","modified_gmt":"2018-07-05T12:54:52","slug":"240-a-vadeli-anadolu-yakasi-konut-projeleri","status":"publish","type":"post","link":"https:\/\/emlaktuel.com\/?p=10803","title":{"rendered":"240 ay vadeli Anadolu Yakas\u0131 konut projeleri"},"content":{"rendered":"<div>\n<div id=\"haberdetaybaslik\">\n<h1><img loading=\"lazy\" class=\"aligncenter size-full wp-image-10804\" src=\"http:\/\/emlaktuel.com\/wp-content\/uploads\/2017\/02\/g-marin-fiyat-630x360.jpg\" alt=\"g-marin-fiyat-630x360\" width=\"660\" height=\"380\" \/><\/h1>\n<h1>Emlak Konut GYO ve GYODER taraf\u0131ndan ba\u015flat\u0131lan 240 ay konut vadesi f\u0131rsatlar\u0131na \u0130stanbul&#8217;un Anadolu Yakas\u0131&#8217;ndan toplam 33 proje kat\u0131ld\u0131.<\/h1>\n<div><\/div>\n<\/div>\n<div><\/div>\n<\/div>\n<div><\/div>\n<div>\n<div><\/div>\n<p><span style=\"color: #2e2e2e;\"><strong>1 \u015fubat ile 31 mart aras\u0131<\/strong> ge\u00e7erli olan ve\u00a0konutta 20 y\u0131l vadenin\u00a0ilk kez sekt\u00f6re girmesini sa\u011flayan &#8220;<strong>G\u00fc\u00e7l\u00fc T\u00fcrkiye i\u00e7in Birlik Vakti<\/strong>&#8221; kampanyas\u0131na\u00a0<strong>Emlak Konut GYO\u00a030 projesiyle<\/strong>;\u00a0<strong>GYODER<\/strong>\u00a0\u00fcyesi in\u015faat firmalar\u0131 da\u00a0<strong>79 projeyle<\/strong>\u00a0destek veriyor.<\/span><\/p>\n<p>Kampanyaya\u00a0<strong>10 banka kredi deste\u011fi sa\u011fl\u0131yor<\/strong>. Alfabetik olarak s\u0131ralanan bu bankalar : Akbank, Albaraka, Garanti Bankas\u0131, Halkbank, T\u00fcrkiye \u0130\u015f Bankas\u0131, Vak\u0131fbank, Vak\u0131f Kat\u0131l\u0131m, Yap\u0131 Kredi Bankas\u0131, Ziraat Bankas\u0131 ve Ziraat Kat\u0131l\u0131m Bankas\u0131.<\/p>\n<p>Konut sekt\u00f6r\u00fcnde ilk kez ba\u015flayan 240 ay \u00f6deme vadesi f\u0131rsatlar\u0131na <strong>\u0130stanbul&#8217;un Anadolu Yakas\u0131&#8217;ndan\u00a0toplam\u00a033 proje<\/strong>\u00a0kat\u0131l\u0131yor. Bu projelerin\u00a0<strong>3&#8217;\u00fc Emlak Konut GYO&#8217;ya<\/strong>\u00a0, <strong>30&#8217;u\u00a0da GYODER\u00a0<\/strong>\u00fcyesi firmalar taraf\u0131ndan hayata ge\u00e7iriliyor.<\/p>\n<p><strong>EMLAK KONUT GYO 20 YIL VADEL\u0130 ANADOLU YAKASI PROJELER\u0130<\/strong><br \/>\n&#8211; \u0130stmarina &#8211; Kartal<br \/>\n&#8211; Tual Adalar &#8211; Kartal<br \/>\n&#8211; Nidapark K\u00fc\u00e7\u00fckyal\u0131 &#8211; Maltepe<\/p>\n<p><strong>GYODER \u00dcYELER\u0130 20 YIL VADEL\u0130 ANADOLU YAKASI PROJELER\u0130<\/strong><br \/>\n&#8211; Pega Kartal &#8211; Kartal<br \/>\n&#8211; AND Pastel &#8211; Kartal<br \/>\n&#8211; \u00c7ukurova Balkon &#8211; Kartal<br \/>\n&#8211; Teras Kule &#8211; Kartal<br \/>\n&#8211; DKY Kartal &#8211; Kartal<br \/>\n&#8211; Manzara Adalar &#8211; Kartal<br \/>\n&#8211; Referans Kartal Towers &#8211; Kartal<br \/>\n&#8211; Referans Kartal Kordonboyu &#8211; Kartal<br \/>\n&#8211; Adam Kule &#8211; Maltepe<br \/>\n&#8211; Dalga Kule &#8211; Maltepe<br \/>\n&#8211; Vazo Kule &#8211; Maltepe<br \/>\n&#8211; Tango Kule &#8211; Maltepe<br \/>\n&#8211; Burgu Kule &#8211; Maltepe<br \/>\n&#8211; Maltepe Piazza &#8211; Maltepe<br \/>\n&#8211; Sur Yap\u0131 Maltepe &#8211; Maltepe<br \/>\n&#8211; Antteras &#8211; \u00dcsk\u00fcdar<br \/>\n&#8211; Antasya Residence &#8211; \u00dcmraniye<br \/>\n&#8211; Sinpa\u015f Palas &#8211; \u00dcmraniye<br \/>\n&#8211; \u015eehir Konaklar\u0131 &#8211; \u00dcmraniye<br \/>\n&#8211; Exen \u0130stanbul &#8211; \u00dcmraniye<br \/>\n&#8211; G\u00f6l Bah\u00e7e Evleri &#8211; Sultanbeyli<br \/>\n&#8211; \u0130lkbahar &#8211; Sultanbeyli<br \/>\n&#8211; Ev&#8217;re Gedizler &#8211; Sancaktepe<br \/>\n&#8211; Lavender &#8211; Sancaktepe<br \/>\n&#8211; Nef Sancaktepe &#8211; Sancaktepe<br \/>\n&#8211; Resim \u0130stanbul &#8211; Sancaktepe<br \/>\n&#8211; Aydos Country &#8211; Sancaktepe<br \/>\n&#8211; G Marin managed by Divan &#8211; Tuzla<br \/>\n&#8211; Brooklyn Life &#8211; Kad\u0131k\u00f6y<br \/>\n&#8211; Sur Yap\u0131 Ko\u015fuyolu &#8211; Kad\u0131k\u00f6y<\/p>\n<\/div>\n","protected":false},"excerpt":{"rendered":"<p>Emlak Konut GYO ve GYODER taraf\u0131ndan ba\u015flat\u0131lan 240 ay konut vadesi f\u0131rsatlar\u0131na \u0130stanbul&#8217;un Anadolu Yakas\u0131&#8217;ndan toplam 33 proje kat\u0131ld\u0131. 1 \u015fubat ile 31 mart aras\u0131 ge\u00e7erli olan ve\u00a0konutta 20 y\u0131l vadenin\u00a0ilk kez sekt\u00f6re girmesini sa\u011flayan &#8220;G\u00fc\u00e7l\u00fc T\u00fcrkiye i\u00e7in Birlik Vakti&#8221; kampanyas\u0131na\u00a0Emlak Konut GYO\u00a030 projesiyle;\u00a0GYODER\u00a0\u00fcyesi in\u015faat firmalar\u0131 da\u00a079 projeyle\u00a0destek veriyor. Kampanyaya\u00a010 banka kredi deste\u011fi sa\u011fl\u0131yor. Alfabetik [&hellip;]<\/p>\n","protected":false},"author":1,"featured_media":10804,"comment_status":"open","ping_status":"open","sticky":false,"template":"","format":"standard","meta":{"ngg_post_thumbnail":0},"categories":[5219,97,5388],"tags":[6459,2841,214,183,6458,78,80,1551,2614,6833,106],"_links":{"self":[{"href":"https:\/\/emlaktuel.com\/index.php?rest_route=\/wp\/v2\/posts\/10803"}],"collection":[{"href":"https:\/\/emlaktuel.com\/index.php?rest_route=\/wp\/v2\/posts"}],"about":[{"href":"https:\/\/emlaktuel.com\/index.php?rest_route=\/wp\/v2\/types\/post"}],"author":[{"embeddable":true,"href":"https:\/\/emlaktuel.com\/index.php?rest_route=\/wp\/v2\/users\/1"}],"replies":[{"embeddable":true,"href":"https:\/\/emlaktuel.com\/index.php?rest_route=%2Fwp%2Fv2%2Fcomments&post=10803"}],"version-history":[{"count":2,"href":"https:\/\/emlaktuel.com\/index.php?rest_route=\/wp\/v2\/posts\/10803\/revisions"}],"predecessor-version":[{"id":10810,"href":"https:\/\/emlaktuel.com\/index.php?rest_route=\/wp\/v2\/posts\/10803\/revisions\/10810"}],"wp:featuredmedia":[{"embeddable":true,"href":"https:\/\/emlaktuel.com\/index.php?rest_route=\/wp\/v2\/media\/10804"}],"wp:attachment":[{"href":"https:\/\/emlaktuel.com\/index.php?rest_route=%2Fwp%2Fv2%2Fmedia&parent=10803"}],"wp:term":[{"taxonomy":"category","embeddable":true,"href":"https:\/\/emlaktuel.com\/index.php?rest_route=%2Fwp%2Fv2%2Fcategories&post=10803"},{"taxonomy":"post_tag","embeddable":true,"href":"https:\/\/emlaktuel.com\/index.php?rest_route=%2Fwp%2Fv2%2Ftags&post=10803"}],"curies":[{"name":"wp","href":"https:\/\/api.w.org\/{rel}","templated":true}]}}