{"id":10787,"date":"2017-02-03T15:33:43","date_gmt":"2017-02-03T12:33:43","guid":{"rendered":"http:\/\/emlaktuel.com\/?p=10787"},"modified":"2018-07-05T15:54:40","modified_gmt":"2018-07-05T12:54:40","slug":"vedat-arslan-konutta-kdv-indirimini-degerlendirdi","status":"publish","type":"post","link":"https:\/\/emlaktuel.com\/?p=10787","title":{"rendered":"Vedat Arslan Konutta KDV indirimini de\u011ferlendirdi"},"content":{"rendered":"<p><img loading=\"lazy\" class=\"aligncenter size-full wp-image-10250\" src=\"http:\/\/emlaktuel.com\/wp-content\/uploads\/2017\/01\/Aremas-Gayrimenkul-Kurucusu-ve-Genel-Mu\u0308du\u0308ru\u0308-Vedat-Arslan-1.jpg\" alt=\"Aremas Gayrimenkul Kurucusu ve Genel Mu\u0308du\u0308ru\u0308 Vedat Arslan (1)\" width=\"2813\" height=\"2589\" \/><\/p>\n<p>Bakanlar Kurulu karar\u0131yla resmi gazetede yay\u0131nlanarak y\u00fcr\u00fcrl\u00fc\u011fe giren konutta KDV d\u00fczenlemesi hakk\u0131nda <strong>Aremas Gayrimenkul Kurucusu ve Genel M\u00fcd\u00fcr\u00fc Vedat Arslan<\/strong>\u2019\u0131n yorumu a\u015fa\u011f\u0131daki gibidir.<\/p>\n<p>Maliye Bakan\u0131 Naci A\u011fbal\u2019\u0131n a\u00e7\u0131klad\u0131\u011f\u0131 yeni d\u00fczenlemenin ilkine g\u00f6re yap\u0131 ruhsat\u0131 1 Ocak 2017\u2019den sonra al\u0131nan konut in\u015faat\u0131 projeleri i\u00e7in metrekare vergi de\u011feri 1000 ila 2 bin TL aras\u0131nda olanlardan y\u00fczde 8 oran\u0131nda KDV al\u0131nacak. Bu \u00e7al\u0131\u015fma asl\u0131nda arsa rayi\u00e7 bedelleri \u00fczerinde yap\u0131lan bir d\u00fczenleme olarak kar\u015f\u0131m\u0131za \u00e7\u0131k\u0131yor. Arsa rayi\u00e7 bedelleri her y\u0131l d\u00fczenli olarak artt\u0131\u011f\u0131ndan \u00f6zellikle b\u00fcy\u00fck\u015fehirlerde yeni yap\u0131lan projelerin bir \u00e7o\u011fu y\u00fczde 18\u2019lik KDV dilimine dahil olmaya ba\u015flam\u0131\u015flard\u0131. Yeni d\u00fczenlemeye g\u00f6re orta gelir grubuna hitap eden bu projelerin KDV\u2019si y\u00fczde 18 yerine y\u00fczde 8\u2019de kalacak. Bu durum da fiyatlar\u0131n KDV y\u00fcz\u00fcnden artmas\u0131 y\u00f6n\u00fcndeki bask\u0131y\u0131 ortadan kald\u0131racakt\u0131r.<\/p>\n<p>\u0130kinci bir konu ise &#8220;Konut sat\u0131\u015flar\u0131nda KDV indiriminin eyl\u00fcl ay\u0131n\u0131n sonuna kadar uzat\u0131lmas\u0131. Bu \u00e7al\u0131\u015fma hem konut geli\u015ftiricileri i\u00e7in hem de t\u00fcketiciler i\u00e7in olumlu bir karard\u0131r. \u00d6rne\u011fin t\u00fcketici 1 milyonluk bir daire sat\u0131n ald\u0131\u011f\u0131nda daha \u00f6nceden 180 bin TL\u2019lik bir KDV \u00f6demesi yap\u0131l\u0131yordu. Ancak ge\u00e7ti\u011fimiz eyl\u00fcl ay\u0131nda yap\u0131lan bir d\u00fczenlemeyle bu oran \u00f6nm\u00fczdeki mart ay\u0131na kadar y\u00fczde 8\u2019e indirilmi\u015fti. Yani 180 bin liral\u0131k KDV yerine 80 bin liral\u0131k KDV \u00f6deniyordu. Dolay\u0131s\u0131yla bir s\u00fcredir t\u00fcketiciye y\u00f6nelik y\u00fczde 10\u2019luk bir indirim vard\u0131. \u00d6zellikle m\u00fcteahhitler bu \u00e7al\u0131\u015fman\u0131n devam edip etmeyece\u011fini merak ediyorlard\u0131. Bu karar ile birlikte KDV indirimi Eyl\u00fcl ay\u0131na ertelenmi\u015f, bu erteleme de geli\u015ftiricilerin endi\u015felerini gidermi\u015f oldu. Ve yine KDV\u2019den kaynakl\u0131 fiyat art\u0131\u015f\u0131 olmas\u0131n\u0131n \u00f6n\u00fcne ge\u00e7ilmi\u015f bir karard\u0131r. Bu da 2017 y\u0131l\u0131ndaki 1.5 milyonluk sat\u0131\u015f hedeflerinin tutturulmas\u0131na y\u00f6nelik at\u0131lm\u0131\u015f olumlu bir ad\u0131md\u0131r.<\/p>\n<p>Di\u011fer bir de\u011fi\u015fiklik de Damga Vergisi\u2019ne getirilen d\u00fczenleme. Yap\u0131lacak s\u00f6zle\u015fmelerde binde 9.48 oran\u0131nda al\u0131nan damga vergisi vatanda\u015f\u0131n yapt\u0131\u011f\u0131 ek bir \u00f6demeydi. Bunun kald\u0131r\u0131lmas\u0131 ile vatanda\u015f yakla\u015f\u0131k y\u00fczde 1 oran\u0131nda tasarruf edecek. \u00d6rnek verecek olursak 500 bin TL\u2019lik konutu sat\u0131\u015f vaadi s\u00f6zle\u015fmesi ile sat\u0131n al\u0131yorsan\u0131z basit bir hesapla yakla\u015f\u0131k 5 bin TL\u2019lik damga vergisini \u00f6demeyece\u011finiz anlam\u0131na geliyor. \u00d6zetle yap\u0131lan d\u00fczenlemelerin tamam\u0131 gayrimenkul sekt\u00f6r\u00fcnde konut sat\u0131\u015flar\u0131n\u0131n hareketlenmesine y\u00f6nelik olumlu ad\u0131mlard\u0131r. Ve bu de\u011fi\u015fikliklerle 2017 y\u0131l\u0131nda hedeflenen sat\u0131\u015f rakamlar\u0131na ula\u015f\u0131lacak ad\u0131mlar at\u0131lm\u0131\u015ft\u0131r.<\/p>\n","protected":false},"excerpt":{"rendered":"<p>Bakanlar Kurulu karar\u0131yla resmi gazetede yay\u0131nlanarak y\u00fcr\u00fcrl\u00fc\u011fe giren konutta KDV d\u00fczenlemesi hakk\u0131nda Aremas Gayrimenkul Kurucusu ve Genel M\u00fcd\u00fcr\u00fc Vedat Arslan\u2019\u0131n yorumu a\u015fa\u011f\u0131daki gibidir. Maliye Bakan\u0131 Naci A\u011fbal\u2019\u0131n a\u00e7\u0131klad\u0131\u011f\u0131 yeni d\u00fczenlemenin ilkine g\u00f6re yap\u0131 ruhsat\u0131 1 Ocak 2017\u2019den sonra al\u0131nan konut in\u015faat\u0131 projeleri i\u00e7in metrekare vergi de\u011feri 1000 ila 2 bin TL aras\u0131nda olanlardan y\u00fczde 8 [&hellip;]<\/p>\n","protected":false},"author":1,"featured_media":10250,"comment_status":"open","ping_status":"open","sticky":false,"template":"","format":"standard","meta":{"ngg_post_thumbnail":0},"categories":[97,5388],"tags":[11324,11073,11562,3466,80,1070,11359,11349],"_links":{"self":[{"href":"https:\/\/emlaktuel.com\/index.php?rest_route=\/wp\/v2\/posts\/10787"}],"collection":[{"href":"https:\/\/emlaktuel.com\/index.php?rest_route=\/wp\/v2\/posts"}],"about":[{"href":"https:\/\/emlaktuel.com\/index.php?rest_route=\/wp\/v2\/types\/post"}],"author":[{"embeddable":true,"href":"https:\/\/emlaktuel.com\/index.php?rest_route=\/wp\/v2\/users\/1"}],"replies":[{"embeddable":true,"href":"https:\/\/emlaktuel.com\/index.php?rest_route=%2Fwp%2Fv2%2Fcomments&post=10787"}],"version-history":[{"count":1,"href":"https:\/\/emlaktuel.com\/index.php?rest_route=\/wp\/v2\/posts\/10787\/revisions"}],"predecessor-version":[{"id":10788,"href":"https:\/\/emlaktuel.com\/index.php?rest_route=\/wp\/v2\/posts\/10787\/revisions\/10788"}],"wp:featuredmedia":[{"embeddable":true,"href":"https:\/\/emlaktuel.com\/index.php?rest_route=\/wp\/v2\/media\/10250"}],"wp:attachment":[{"href":"https:\/\/emlaktuel.com\/index.php?rest_route=%2Fwp%2Fv2%2Fmedia&parent=10787"}],"wp:term":[{"taxonomy":"category","embeddable":true,"href":"https:\/\/emlaktuel.com\/index.php?rest_route=%2Fwp%2Fv2%2Fcategories&post=10787"},{"taxonomy":"post_tag","embeddable":true,"href":"https:\/\/emlaktuel.com\/index.php?rest_route=%2Fwp%2Fv2%2Ftags&post=10787"}],"curies":[{"name":"wp","href":"https:\/\/api.w.org\/{rel}","templated":true}]}}