{"id":10768,"date":"2017-02-03T14:19:32","date_gmt":"2017-02-03T11:19:32","guid":{"rendered":"http:\/\/emlaktuel.com\/?p=10768"},"modified":"2018-07-05T15:54:16","modified_gmt":"2018-07-05T12:54:16","slug":"konutta-kdv-duzenlemesi-yapildi-oranlar-assagi-cekildi","status":"publish","type":"post","link":"https:\/\/emlaktuel.com\/?p=10768","title":{"rendered":"Konutta KDV d\u00fczenlemesi yap\u0131ld\u0131 oranlar a\u015f\u015fa\u011f\u0131 \u00e7ekildi"},"content":{"rendered":"<h1 class=\"news-detail-title selectionShareable\"><img loading=\"lazy\" class=\"aligncenter size-full wp-image-1949\" src=\"http:\/\/emlaktuel.com\/wp-content\/uploads\/2016\/06\/orjinal__esenyurt-sembol-istanbul-da-11-konut-150-bin-tl__31_07_2014__15_41_47.jpg\" alt=\"orjinal__esenyurt-sembol-istanbul-da-11-konut-150-bin-tl__31_07_2014__15_41_47\" width=\"670\" height=\"350\" \/><\/h1>\n<h1 class=\"news-detail-title selectionShareable\">Bakanlar Kurulu, 2013 &#8211; 2016 y\u0131llar\u0131 aras\u0131nda ruhsat\u0131 al\u0131nm\u0131\u015f, metrekare vergi de\u011feri 500 &#8211; 1000 lira aras\u0131ndaki konutlarda KDV&#8217;yi y\u00fczde 8 olarak belirledi.<\/h1>\n<div class=\"soc2 nmobilw\"><\/div>\n<div class=\"centerAd\"><\/div>\n<div>\n<p>Bakanlar Kurulu karar\u0131yla, yap\u0131 ruhsat\u0131 1 Ocak 2013 ile 31 Aral\u0131k 2016 aras\u0131nda al\u0131nm\u0131\u015f konut in\u015faat projeleri ile kamu taraf\u0131ndan ihalesi 1 Ocak 2013 tarihinden itibaren yap\u0131lan konut in\u015faat\u0131 projelerinde; metrekare vergi de\u011feri 500 TL &#8211; 1,000 TL aras\u0131nda olan konutlar\u0131n tesliminde y\u00fczde 8 KDV uygulanmas\u0131 h\u00fck\u00fcm alt\u0131na al\u0131nd\u0131.<\/p>\n<p>Bu kapsamda, metrekare vergi de\u011feri 1,000 TL ve \u00fczeri konutlar\u0131n tesliminde uygulanacak KDV oran\u0131 da y\u00fczde 18 olacak.<\/p>\n<p>Yap\u0131 ruhsat\u0131 1 Ocak&#8217;tan sonra al\u0131nan konut in\u015faat\u0131 projeleri ile kamu taraf\u0131ndan ihalesi 1 Ocak&#8217;tan itibaren yap\u0131lacak konut in\u015faat\u0131 projelerinde ise metrekare vergi de\u011feri 1,000 TL ile 2,000 TL aras\u0131nda olan konutlar\u0131n tesliminde y\u00fczde 8, 2,000 TL \u00fczerinde olan konutlar\u0131n tesliminde de y\u00fczde 18 KDV uygulanacak.<\/p>\n<p>D\u00fcnya<\/p>\n<h4>Haber H\u00fcrriyet&#8217;te \u015fu \u015fekilde yer ald\u0131<\/h4>\n<p>Maliye Bakan\u0131 Naci A\u011fbal, referandum i\u00e7in yap\u0131lacak harcamalarla ilgili, &#8220;Arkada\u015flar\u0131n yapt\u0131\u011f\u0131 ilk maliyet \u00e7al\u0131\u015fmalar\u0131na g\u00f6re, referandum i\u00e7in yakla\u015f\u0131k 190 milyon lira merkezi y\u00f6netim b\u00fct\u00e7esinden se\u00e7im harcamalar\u0131 kapsam\u0131nda gider ger\u00e7ekle\u015ftirilecek.&#8221; dedi.<\/p>\n<h2>&#8220;KONUTTA VERG\u0130Y\u0130 KALICI OLARAK SIFIRLADIK&#8221;<\/h2>\n<p>Bakanlar Kurulu&#8217;nda kararla\u015ft\u0131r\u0131lan konutta verginin kald\u0131r\u0131lmas\u0131yla ilgili olarak Maliye Bakan\u0131 A\u011fbal, &#8220;Ekonomide canlanmaya katk\u0131 vermek a\u00e7\u0131s\u0131ndan s\u00fcreyi uzatmak y\u00f6n\u00fcnde irademiz oldu. \u0130n\u015faatta canlanmaya katk\u0131 vermek i\u00e7in, vatanda\u015flar\u0131m\u0131z konut almak istediklerinde maketten g\u00f6r\u00fcp alabiliyor. Bu durumda noterde \u00f6n \u00f6demeli sat\u0131\u015f s\u00f6zle\u015fmesi yap\u0131l\u0131yor. Buradaki vergiyi kal\u0131c\u0131 olarak s\u0131f\u0131rlad\u0131k. Konut al\u0131c\u0131s\u0131 ile sat\u0131c\u0131s\u0131 aras\u0131ndaki s\u00f6zle\u015fmelerde binde 9,48 olan vergiyi de kald\u0131rd\u0131k. Konut sat\u0131\u015flar\u0131nda m\u00fcteahhit ile vatanda\u015f aras\u0131nda yap\u0131lan s\u00f6zle\u015fmedeki vergiyi de kald\u0131rd\u0131k. Konut teslimlerindeki y\u00fczde 18 KDV&#8217;yi y\u00fczde 8&#8217;e d\u00fc\u015f\u00fcrm\u00fc\u015ft\u00fck. Bu s\u00fcreyi mart sonundan eyl\u00fcl sonuna uzat\u0131yoruz.&#8221; diye konu\u015ftu.<\/p>\n<h2>&#8220;BEYAZ E\u015eYA UCUZLAYACAK&#8221;<\/h2>\n<p>\u00d6TV karar\u0131n\u0131 de\u011ferlendiren A\u011fbal, &#8220;B\u00fct\u00fcn d\u00fczenlemeler in\u015faat sekt\u00f6r\u00fcndeki canl\u0131l\u0131\u011f\u0131 g\u00fc\u00e7lendirecek. Beyaz e\u015fya mobilya sekt\u00f6r\u00fcnde de yapt\u0131\u011f\u0131m\u0131z d\u00fczenlemeler bu sekt\u00f6rlere hareketlilik getirecek. Vatanda\u015f da bundan yararlanacak. Vatanda\u015f bu d\u00f6nemde al\u0131\u015fveri\u015fini h\u0131zland\u0131r\u0131yor. 3 ayl\u0131k s\u00fcre\u00e7te firmalar\u0131n kampanyalar\u0131 devreye sokacaklar\u0131n\u0131, KDV&#8217;nin, \u00d6TV&#8217;nin d\u00fc\u015fece\u011fini, \u00fcr\u00fcnlerin ucuzlayaca\u011f\u0131n\u0131 s\u00f6yleyebiliriz.&#8221; \u015feklinde konu\u015ftu.<\/p>\n<p>Maliye Bakan\u0131 Naci A\u011fbal, vergi indirimlerinin bir miktar vergi kayb\u0131na neden olaca\u011f\u0131n\u0131 belirterek, &#8220;Yapt\u0131\u011f\u0131m\u0131z hesaplamalara g\u00f6re, gerek \u00d6TV gerek KDV&#8217;de yapt\u0131\u011f\u0131m\u0131z d\u00fczenlemelerin b\u00fct\u00e7eye yakla\u015f\u0131k 1 milyar lira maliyeti olacak.&#8221; dedi.<\/p>\n<h2>&#8220;YIL SONUNDA ENFLASYON A\u015eA\u011eI Y\u00d6NL\u00dc \u00c7\u0130ZG\u0130YE D\u00d6NECEK&#8221;<\/h2>\n<p>Y\u0131l\u0131n ilk enflasyon rakamlar\u0131n\u0131n a\u00e7\u0131klanmas\u0131n\u0131n ard\u0131ndan konuyu de\u011ferlendiren Bakan A\u011fbal; &#8220;Enflasyon raporunda 2017&#8217;nin ilk aylar\u0131nda enflasyonun y\u00fckselece\u011fine i\u015faret etmi\u015fti. G\u0131da fiyatlar\u0131ndaki d\u00fczenlemelerin etkisi var. Y\u0131l\u0131n son \u00e7eyre\u011finde vergi d\u00fczenlemelerinin fiyat art\u0131\u015flar\u0131n\u0131n etkisi var. Yukar\u0131 y\u00f6nl\u00fc hareket izlese de y\u0131l sonunu y\u00fczde 8 civar\u0131nda bitirece\u011fini s\u00f6yleyebiliriz. Ge\u00e7en sene de benzer bir durum ya\u015fam\u0131\u015ft\u0131k. Enflasyon ayn\u0131 \u015fekilde yukar\u0131 \u00e7\u0131k\u0131p, a\u015fa\u011f\u0131 y\u00f6nl\u00fc bir trafik izlemi\u015fti. \u00d6n\u00fcm\u00fczdeki g\u00fcnlerde g\u0131da konusunda al\u0131nacak kararlar, PPK kararlar\u0131 hem de bizlerin alaca\u011f\u0131 kararlar enflasyonu a\u015fa\u011f\u0131 y\u00f6nl\u00fc \u00e7evirecektir.&#8221;<\/p>\n<p>H\u00fcrriyet<\/p>\n<h4>Haber AA&#8217;da \u015fu \u015fekilde yer ald\u0131<\/h4>\n<\/div>\n","protected":false},"excerpt":{"rendered":"<p>Bakanlar Kurulu, 2013 &#8211; 2016 y\u0131llar\u0131 aras\u0131nda ruhsat\u0131 al\u0131nm\u0131\u015f, metrekare vergi de\u011feri 500 &#8211; 1000 lira aras\u0131ndaki konutlarda KDV&#8217;yi y\u00fczde 8 olarak belirledi. Bakanlar Kurulu karar\u0131yla, yap\u0131 ruhsat\u0131 1 Ocak 2013 ile 31 Aral\u0131k 2016 aras\u0131nda al\u0131nm\u0131\u015f konut in\u015faat projeleri ile kamu taraf\u0131ndan ihalesi 1 Ocak 2013 tarihinden itibaren yap\u0131lan konut in\u015faat\u0131 projelerinde; metrekare vergi [&hellip;]<\/p>\n","protected":false},"author":1,"featured_media":1949,"comment_status":"open","ping_status":"open","sticky":false,"template":"","format":"standard","meta":{"ngg_post_thumbnail":0},"categories":[221,97,5388],"tags":[67,1258,11562,80,1070,11234,6441,11111,11159],"_links":{"self":[{"href":"https:\/\/emlaktuel.com\/index.php?rest_route=\/wp\/v2\/posts\/10768"}],"collection":[{"href":"https:\/\/emlaktuel.com\/index.php?rest_route=\/wp\/v2\/posts"}],"about":[{"href":"https:\/\/emlaktuel.com\/index.php?rest_route=\/wp\/v2\/types\/post"}],"author":[{"embeddable":true,"href":"https:\/\/emlaktuel.com\/index.php?rest_route=\/wp\/v2\/users\/1"}],"replies":[{"embeddable":true,"href":"https:\/\/emlaktuel.com\/index.php?rest_route=%2Fwp%2Fv2%2Fcomments&post=10768"}],"version-history":[{"count":1,"href":"https:\/\/emlaktuel.com\/index.php?rest_route=\/wp\/v2\/posts\/10768\/revisions"}],"predecessor-version":[{"id":10769,"href":"https:\/\/emlaktuel.com\/index.php?rest_route=\/wp\/v2\/posts\/10768\/revisions\/10769"}],"wp:featuredmedia":[{"embeddable":true,"href":"https:\/\/emlaktuel.com\/index.php?rest_route=\/wp\/v2\/media\/1949"}],"wp:attachment":[{"href":"https:\/\/emlaktuel.com\/index.php?rest_route=%2Fwp%2Fv2%2Fmedia&parent=10768"}],"wp:term":[{"taxonomy":"category","embeddable":true,"href":"https:\/\/emlaktuel.com\/index.php?rest_route=%2Fwp%2Fv2%2Fcategories&post=10768"},{"taxonomy":"post_tag","embeddable":true,"href":"https:\/\/emlaktuel.com\/index.php?rest_route=%2Fwp%2Fv2%2Ftags&post=10768"}],"curies":[{"name":"wp","href":"https:\/\/api.w.org\/{rel}","templated":true}]}}