{"id":10727,"date":"2017-01-31T14:18:10","date_gmt":"2017-01-31T11:18:10","guid":{"rendered":"http:\/\/emlaktuel.com\/?p=10727"},"modified":"2018-07-05T15:53:35","modified_gmt":"2018-07-05T12:53:35","slug":"10727","status":"publish","type":"post","link":"https:\/\/emlaktuel.com\/?p=10727","title":{"rendered":"2017 AG\u0130 \u00fccretleri ne kadar oldu?"},"content":{"rendered":"<h1><img loading=\"lazy\" class=\"aligncenter size-full wp-image-10728\" src=\"http:\/\/emlaktuel.com\/wp-content\/uploads\/2017\/01\/650x344-2017-agi-ucretleri-ne-kadar-oldu-iste-asgari-gecim-indirimi-ucretleri-tam-listesi-1485852781488.jpg\" alt=\"agi-ucretleri-ne-kadar-oldu-iste-asgari-gecim-indirimi-ucretleri-tam-listesi-1485852781488\" width=\"650\" height=\"344\" \/><\/h1>\n<h1>\u00a0\u0130\u015fte Asgari Ge\u00e7im \u0130ndirimi \u00fccretleri tam listesi!<\/h1>\n<div class=\"image\"><\/div>\n<div class=\"txt\">\n<div class=\"txtIn\">\n<article id=\"contextual\" class=\"selectionShareable\">\n<h2>2017&#8217;de Asgari \u00fccretin artmas\u0131 le beraber AG\u0130 fiyatlar\u0131nda da de\u011fi\u015fim ya\u015fand\u0131. Ocak ay\u0131n\u0131n sonuna gelinmesi ile beraber ise &#8221;AG\u0130 fiyatlar\u0131 ne kadar?&#8221; sorusu arat\u0131lmaya ba\u015flad\u0131. Peki 2017&#8217;de kim ne kadar AG\u0130 alacak? \u0130\u015fte Asgari Ge\u00e7im \u0130ndirimi \u00fccretleri tam listesi ve di\u011fer t\u00fcm detaylar&#8230;<\/h2>\n<p>2017 y\u0131l\u0131na girilmesi ile beraber Asgari \u00dccrette yap\u0131lan art\u0131\u015f sonras\u0131 yeni <a class=\"tkktLnk\" href=\"http:\/\/www.sabah.com.tr\/haberleri\/agi\" target=\"_blank\" rel=\"tag\">AG\u0130<\/a> rakamlar\u0131 da a\u00e7\u0131kland\u0131. Ocak ay\u0131n\u0131n sonuna gelinmesi ile birlikte vatanda\u015flar &#8221;AG\u0130 ne kadar?&#8221; sorusunun yan\u0131t\u0131n\u0131 aratmaya ba\u015flad\u0131. Asgari Ge\u00e7im \u0130ndirimi rakamlar\u0131n\u0131n tam listesini sizler i\u00e7in bu ba\u015fl\u0131k alt\u0131nda derledik. 2017&#8217;de kim ne kadar AG\u0130 alacak? \u0130\u015fte 2017 AG\u0130 fiyatlar\u0131 ve di\u011fer t\u00fcm detaylar&#8230;<\/p>\n<p><strong>2017 AG\u0130 \u00dcCRETLER\u0130! K\u0130M NE KADAR ALACAK?<\/strong><\/p>\n<p>Bekar: 133.31 TL<\/p>\n<p>Evli ve e\u015fi \u00e7al\u0131\u015fmayan: 160 TL<\/p>\n<p>Evli ve e\u015fi \u00e7al\u0131\u015fmayan 1 \u00e7ocuklu: 180 TL<\/p>\n<p>Evli ve e\u015fi \u00e7al\u0131\u015fmayan 2 \u00e7ocuklu: 200 TL<\/p>\n<p>Evli ve e\u015fi \u00e7al\u0131\u015fmayan 3 \u00e7ocuklu: 213 TL<\/p>\n<p>E\u015e\u0130 \u00c7ALI\u015eANLAR<\/p>\n<p>Evli ve e\u015fi \u00e7al\u0131\u015fan: 133 TL<\/p>\n<p>Evli ve e\u015fi \u00e7al\u0131\u015fan 1 \u00e7ocuklu: 153 TL<\/p>\n<p>Evli ve e\u015fi \u00e7al\u0131\u015fan 2 \u00e7ocuklu: 173 TL<\/p>\n<p>Evli ve e\u015fi \u00e7al\u0131\u015fan 3 \u00e7ocuklu: 187 TL<\/p>\n<p>Bekar &#8211; 123,53 TL<\/p>\n<p>Evli e\u015fi \u00e7al\u0131\u015fmayan &#8211; 148,23 TL<\/p>\n<p>Evli e\u015fi \u00e7al\u0131\u015fmayan 1 \u00e7ocuklu &#8211; 166,76 TL<\/p>\n<p>Evli e\u015fi \u00e7al\u0131\u015fmayan 2 \u00e7ocuklu &#8211; 185,29 TL<\/p>\n<p>Evli e\u015fi \u00e7al\u0131\u015fmayan 3 \u00e7ocuklu &#8211; 209,99 TL<\/p>\n<p>Evli e\u015fi \u00e7al\u0131\u015fmayan 4 \u00e7ocuklu &#8211; 209,99 TL<\/p>\n<p>Evli e\u015fi \u00e7al\u0131\u015fmayan 5 \u00e7ocuklu 209,99 TL<\/p>\n<p><strong>YEN\u0130 ASGAR\u0130 \u00dcCRET 104 TL ARTTI<\/strong><\/p>\n<p>Asgari \u00fccret 2017&#8217;de y\u00fczde 8 oran\u0131nda artt\u0131. Br\u00fct asgari \u00fccret bin 777,50 TL olarak belirlenirken net asgari \u00fccret ise bin 404 TL olarak belirlendi. Bu durumda 104 TL zam yap\u0131lm\u0131\u015f oldu.<\/p>\n<p><strong>TEK KADEMEL\u0130 ARTI\u015e<\/strong><\/p>\n<p>Asgari \u00fccret 2017&#8217;de tek defada yani 1 Ocak itibariyle iki kademeli art\u0131\u015f olmamas\u0131na karar verildi. \u0130\u015fveren ve H\u00fck\u00fcmet, 2 kademeli art\u0131\u015f isterken T\u00fcrk-\u0130\u015f tek kademeli art\u0131\u015f istedi ve tek kademeli art\u0131\u015fta karar k\u0131l\u0131nd\u0131.<\/p>\n<p><strong>AG\u0130 NED\u0130R?<\/strong><\/p>\n<p>Asgari Ge\u00e7im \u0130ndirimi , bireyin veya ge\u00e7im d\u00fczeyini sa\u011flayacak b\u00f6l\u00fcm\u00fcn toplam gelirden d\u00fc\u015f\u00fclerek vergi d\u0131\u015f\u0131 b\u0131rak\u0131lmas\u0131 anlam\u0131na geliyor. Asgari Ge\u00e7im \u0130ndirimi medeni duruma g\u00f6re ve \u00e7ocuk say\u0131s\u0131na g\u00f6re de\u011fi\u015fiklik g\u00f6sterir. AG\u0130, i\u015f\u00e7iye i\u015fveren taraf\u0131ndan devlet ad\u0131na \u00f6denir ve i\u015fverenin gelir vergisinden d\u00fc\u015f\u00fcr\u00fcl\u00fcr. Ba\u015fka ifadeyle devletin bir \u00e7al\u0131\u015fana bakmakla y\u00fck\u00fcml\u00fc oldu\u011fu ki\u015filere bakarak, \u00e7al\u0131\u015fan\u0131n \u00f6dedi\u011fi gelir vergisinin \u00e7al\u0131\u015fana iade edilmesidir.<\/p>\n<\/article>\n<\/div>\n<\/div>\n","protected":false},"excerpt":{"rendered":"<p>\u00a0\u0130\u015fte Asgari Ge\u00e7im \u0130ndirimi \u00fccretleri tam listesi! 2017&#8217;de Asgari \u00fccretin artmas\u0131 le beraber AG\u0130 fiyatlar\u0131nda da de\u011fi\u015fim ya\u015fand\u0131. Ocak ay\u0131n\u0131n sonuna gelinmesi ile beraber ise &#8221;AG\u0130 fiyatlar\u0131 ne kadar?&#8221; sorusu arat\u0131lmaya ba\u015flad\u0131. Peki 2017&#8217;de kim ne kadar AG\u0130 alacak? \u0130\u015fte Asgari Ge\u00e7im \u0130ndirimi \u00fccretleri tam listesi ve di\u011fer t\u00fcm detaylar&#8230; 2017 y\u0131l\u0131na girilmesi ile beraber [&hellip;]<\/p>\n","protected":false},"author":1,"featured_media":10728,"comment_status":"open","ping_status":"open","sticky":false,"template":"","format":"standard","meta":{"ngg_post_thumbnail":0},"categories":[5213],"tags":[6433,6434,6432,5873,349,11396,11165,11065,11073,10653],"_links":{"self":[{"href":"https:\/\/emlaktuel.com\/index.php?rest_route=\/wp\/v2\/posts\/10727"}],"collection":[{"href":"https:\/\/emlaktuel.com\/index.php?rest_route=\/wp\/v2\/posts"}],"about":[{"href":"https:\/\/emlaktuel.com\/index.php?rest_route=\/wp\/v2\/types\/post"}],"author":[{"embeddable":true,"href":"https:\/\/emlaktuel.com\/index.php?rest_route=\/wp\/v2\/users\/1"}],"replies":[{"embeddable":true,"href":"https:\/\/emlaktuel.com\/index.php?rest_route=%2Fwp%2Fv2%2Fcomments&post=10727"}],"version-history":[{"count":2,"href":"https:\/\/emlaktuel.com\/index.php?rest_route=\/wp\/v2\/posts\/10727\/revisions"}],"predecessor-version":[{"id":10731,"href":"https:\/\/emlaktuel.com\/index.php?rest_route=\/wp\/v2\/posts\/10727\/revisions\/10731"}],"wp:featuredmedia":[{"embeddable":true,"href":"https:\/\/emlaktuel.com\/index.php?rest_route=\/wp\/v2\/media\/10728"}],"wp:attachment":[{"href":"https:\/\/emlaktuel.com\/index.php?rest_route=%2Fwp%2Fv2%2Fmedia&parent=10727"}],"wp:term":[{"taxonomy":"category","embeddable":true,"href":"https:\/\/emlaktuel.com\/index.php?rest_route=%2Fwp%2Fv2%2Fcategories&post=10727"},{"taxonomy":"post_tag","embeddable":true,"href":"https:\/\/emlaktuel.com\/index.php?rest_route=%2Fwp%2Fv2%2Ftags&post=10727"}],"curies":[{"name":"wp","href":"https:\/\/api.w.org\/{rel}","templated":true}]}}