{"id":10724,"date":"2017-01-31T14:15:08","date_gmt":"2017-01-31T11:15:08","guid":{"rendered":"http:\/\/emlaktuel.com\/?p=10724"},"modified":"2018-07-05T15:53:29","modified_gmt":"2018-07-05T12:53:29","slug":"ihracat-artti-dis-ticaret-rakamlari-sevindirdi","status":"publish","type":"post","link":"https:\/\/emlaktuel.com\/?p=10724","title":{"rendered":"\u0130hracat artt\u0131, d\u0131\u015f ticaret rakamlar\u0131 sevindirdi"},"content":{"rendered":"<h1><\/h1>\n<p><img loading=\"lazy\" class=\"aligncenter size-full wp-image-10725\" src=\"http:\/\/emlaktuel.com\/wp-content\/uploads\/2017\/01\/5.jpg\" alt=\"d\u0131\u015f ticaret\" width=\"600\" height=\"400\" \/><\/p>\n<div class=\"image\">\n<div class=\"info\"><\/div>\n<\/div>\n<div class=\"txt\">\n<div class=\"txtIn\">\n<article id=\"contextual\" class=\"selectionShareable\">\n<h2>D\u0131\u015f ticaret a\u00e7\u0131\u011f\u0131 2016 y\u0131l\u0131nda y\u00fczde 12 d\u00fc\u015f\u00fc\u015fle 56 milyar dolar oldu. \u0130hracat da 2016 y\u0131l\u0131 Aral\u0131k ay\u0131nda, 2015 y\u0131l\u0131n\u0131n ayn\u0131 ay\u0131na g\u00f6re y\u00fczde 9 artarak 12 milyar 807 milyon dolar, ithalat y\u00fczde 2,3 artarak 18 milyar 405 milyon dolar olarak ger\u00e7ekle\u015fti. Kredi derecelendirme kurulu\u015flar\u0131n\u0131n &#8216;sipari\u015f&#8217; notlar\u0131 ve dolar spek\u00fclasyonlar\u0131yla T\u00fcrkiye&#8217;de kriz var alg\u0131s\u0131 a\u00e7\u0131klanan rakamlarla yerle bir oldu&#8230;<\/h2>\n<p>Buna g\u00f6re, <a class=\"tkktLnk\" href=\"http:\/\/www.sabah.com.tr\/haberleri\/ihracat\" target=\"_blank\" rel=\"tag\">ihracat<\/a> 2016 y\u0131l\u0131 Aral\u0131k ay\u0131nda, 2015 y\u0131l\u0131n\u0131n ayn\u0131 ay\u0131na g\u00f6re y\u00fczde 9 artarak 12 milyar 807 milyon dolar, ithalat y\u00fczde 2,3 artarak 18 milyar 405 milyon dolar olarak ger\u00e7ekle\u015fti.<\/p>\n<p><strong>DI\u015e T\u0130CARET A\u00c7I\u011eI 2016&#8217;DA Y\u00dcZDE 11,7 AZALDI<\/strong><\/p>\n<p>Aral\u0131k ay\u0131nda d\u0131\u015f ticaret a\u00e7\u0131\u011f\u0131 y\u00fczde 10,3 azalarak 5 milyar 598 milyon dolara d\u00fc\u015ft\u00fc. \u0130hracat\u0131n ithalat\u0131 kar\u015f\u0131lama oran\u0131 2015 Aral\u0131k ay\u0131nda y\u00fczde 65,3 iken, 2016 Aral\u0131k ay\u0131nda y\u00fczde 69,6&#8217;ya y\u00fckseldi. B\u00f6ylece 2016 y\u0131l\u0131nda d\u0131\u015f ticaret a\u00e7\u0131\u011f\u0131 y\u00fczde 11.7 azalarak 55 milyar 996 milyon dolar oldu<\/p>\n<p><strong>AVRUPA B\u0130RL\u0130\u011e\u0130&#8217;NE \u0130HRACAT Y\u00dcZDE 4,8 ARTTI<\/strong><\/p>\n<p>Avrupa Birli\u011fi&#8217;nin (AB-28) ihracattaki pay\u0131 2015 Aral\u0131k ay\u0131nda %46,1 iken, 2016 Aral\u0131k ay\u0131nda y\u00fczde 44,3 oldu. AB&#8217;ye yap\u0131lan ihracat, 2015 y\u0131l\u0131n\u0131n ayn\u0131 ay\u0131na g\u00f6re y\u00fczde 4,8 artarak 5 milyar 670 milyon dolar olarak ger\u00e7ekle\u015fti.<\/p>\n<p><strong>EN FAZLA \u0130HRACAT YAPILAN \u00dcLKE ALMANYA OLDU<\/strong><\/p>\n<p>Almanya&#8217;ya yap\u0131lan ihracat 2016 Aral\u0131k ay\u0131nda 1 milyar 189 milyon dolar olurken, bu \u00fclkeyi s\u0131ras\u0131yla Irak (795 milyon dolar), \u0130ngiltere (768 milyon dolar) ve BAE (759 milyon dolar) takip etti.<\/p>\n<p><strong>\u0130THALATTA \u0130LK SIRAYI \u00c7\u0130N ALDI<\/strong><\/p>\n<p>\u00c7in&#8217;den yap\u0131lan ithalat, 2016 y\u0131l\u0131 Aral\u0131k ay\u0131nda 1 milyar 863 milyon dolar oldu. Bu \u00fclkeyi s\u0131ras\u0131yla Almanya (1 milyar 813 milyon dolar), Rusya (1 milyar 352 milyon dolar) ve \u0130talya (902 milyon dolar) izledi.<\/p>\n<p><strong>Y\u00dcKSEK TEKNOLOJ\u0130L\u0130 \u00dcR\u00dcNLER\u0130N \u0130MALAT SANAY\u0130 \u0130HRACATI \u0130\u00c7\u0130NDEK\u0130 PAYI %4 OLDU<\/strong><\/p>\n<p>Teknoloji yo\u011funlu\u011funa g\u00f6re d\u0131\u015f ticaret verileri, ISIC Rev.3 s\u0131n\u0131flamas\u0131 i\u00e7inde yer alan imalat sanayi \u00fcr\u00fcnlerini kapsamaktad\u0131r. Aral\u0131k ay\u0131nda ISIC Rev.3&#8217;e g\u00f6re imalat sanayi \u00fcr\u00fcnlerinin toplam ihracattaki pay\u0131 y\u00fczde 92,1&#8217;dir. Y\u00fcksek teknoloji \u00fcr\u00fcnlerinin imalat sanayi \u00fcr\u00fcnleri ihracat\u0131 i\u00e7indeki pay\u0131 y\u00fczde 4, orta y\u00fcksek teknolojili \u00fcr\u00fcnlerin pay\u0131 ise y\u00fczde 35,7&#8217;dir.<\/p>\n<p><strong>Y\u00dcKSEK TEKNOLOJ\u0130L\u0130 \u00dcR\u00dcNLER\u0130N \u0130MALAT SANAY\u0130 \u0130THALATI \u0130\u00c7\u0130NDEK\u0130 PAYI %16,7 OLDU<\/strong><\/p>\n<p>\u0130malat sanayi \u00fcr\u00fcnlerinin toplam ithalattaki pay\u0131 y\u00fczde 82,9&#8217;dur. Y\u00fcksek teknoloji \u00fcr\u00fcnlerinin 2016 Aral\u0131k ay\u0131nda imalat sanayi \u00fcr\u00fcnleri ithalat\u0131 i\u00e7indeki pay\u0131 y\u00fczde 16,7, orta y\u00fcksek teknolojili \u00fcr\u00fcnlerin pay\u0131 ise y\u00fczde 42,5&#8217;tir.<\/p>\n<\/article>\n<\/div>\n<\/div>\n","protected":false},"excerpt":{"rendered":"<p>D\u0131\u015f ticaret a\u00e7\u0131\u011f\u0131 2016 y\u0131l\u0131nda y\u00fczde 12 d\u00fc\u015f\u00fc\u015fle 56 milyar dolar oldu. \u0130hracat da 2016 y\u0131l\u0131 Aral\u0131k ay\u0131nda, 2015 y\u0131l\u0131n\u0131n ayn\u0131 ay\u0131na g\u00f6re y\u00fczde 9 artarak 12 milyar 807 milyon dolar, ithalat y\u00fczde 2,3 artarak 18 milyar 405 milyon dolar olarak ger\u00e7ekle\u015fti. Kredi derecelendirme kurulu\u015flar\u0131n\u0131n &#8216;sipari\u015f&#8217; notlar\u0131 ve dolar spek\u00fclasyonlar\u0131yla T\u00fcrkiye&#8217;de kriz var alg\u0131s\u0131 a\u00e7\u0131klanan [&hellip;]<\/p>\n","protected":false},"author":1,"featured_media":10725,"comment_status":"open","ping_status":"open","sticky":false,"template":"","format":"standard","meta":{"ngg_post_thumbnail":0},"categories":[5213,97],"tags":[11431,11360,7086,1618,11381,11547],"_links":{"self":[{"href":"https:\/\/emlaktuel.com\/index.php?rest_route=\/wp\/v2\/posts\/10724"}],"collection":[{"href":"https:\/\/emlaktuel.com\/index.php?rest_route=\/wp\/v2\/posts"}],"about":[{"href":"https:\/\/emlaktuel.com\/index.php?rest_route=\/wp\/v2\/types\/post"}],"author":[{"embeddable":true,"href":"https:\/\/emlaktuel.com\/index.php?rest_route=\/wp\/v2\/users\/1"}],"replies":[{"embeddable":true,"href":"https:\/\/emlaktuel.com\/index.php?rest_route=%2Fwp%2Fv2%2Fcomments&post=10724"}],"version-history":[{"count":1,"href":"https:\/\/emlaktuel.com\/index.php?rest_route=\/wp\/v2\/posts\/10724\/revisions"}],"predecessor-version":[{"id":10726,"href":"https:\/\/emlaktuel.com\/index.php?rest_route=\/wp\/v2\/posts\/10724\/revisions\/10726"}],"wp:featuredmedia":[{"embeddable":true,"href":"https:\/\/emlaktuel.com\/index.php?rest_route=\/wp\/v2\/media\/10725"}],"wp:attachment":[{"href":"https:\/\/emlaktuel.com\/index.php?rest_route=%2Fwp%2Fv2%2Fmedia&parent=10724"}],"wp:term":[{"taxonomy":"category","embeddable":true,"href":"https:\/\/emlaktuel.com\/index.php?rest_route=%2Fwp%2Fv2%2Fcategories&post=10724"},{"taxonomy":"post_tag","embeddable":true,"href":"https:\/\/emlaktuel.com\/index.php?rest_route=%2Fwp%2Fv2%2Ftags&post=10724"}],"curies":[{"name":"wp","href":"https:\/\/api.w.org\/{rel}","templated":true}]}}