{"id":10638,"date":"2017-01-27T22:03:28","date_gmt":"2017-01-27T19:03:28","guid":{"rendered":"http:\/\/emlaktuel.com\/?p=10638"},"modified":"2018-07-05T15:51:59","modified_gmt":"2018-07-05T12:51:59","slug":"skodadan-off-roadcu-kodiaq-scout","status":"publish","type":"post","link":"https:\/\/emlaktuel.com\/?p=10638","title":{"rendered":"Skoda&#8217;dan off-road&#8217;\u00e7u Kodiaq Scout."},"content":{"rendered":"<h2><img class=\"resim\" src=\"http:\/\/www.otomobilgazetesi.com\/uploads\/20170127111526_kodiaqs.jpg\" alt=\"\" border=\"0\" \/><\/h2>\n<div class=\"content\">\n<div class=\"ekstra\">\n<div class=\"info\">\n<h2>Standart olarak d\u00f6rt tekerlekten \u00e7eki\u015f sistemine sahip.<\/h2>\n<\/div>\n<\/div>\n<div class=\"img\"><\/div>\n<p>Skoda, SUV segmentindeki ata\u011f\u0131na devam ediyor. \u00c7ek\u00a0otomobil \u00fcreticisi <strong>Skoda, Kodiaq Scout<\/strong> ile 2017 Cenevre Uluslararas\u0131 Otomobil Fuar\u0131&#8217;nda g\u00f6rsel olarak ve teknoloji a\u00e7\u0131s\u0131ndan off-road yeteneklerini g\u00f6sterecek. Sa\u011flam ve agresif g\u00f6r\u00fcn\u00fcm\u00fc, \u00f6n ve arka b\u00f6lgede ay\u0131r\u0131c\u0131 alt\u0131 g\u00f6vde korumas\u0131 da dahil olmak \u00fczere g\u00fcm\u00fc\u015f renkli tasar\u0131m detaylar\u0131 ile vurgulan\u0131yor. \u00d6zellikle Skoda Kodiaq Scout i\u00e7in 19 in\u00e7 ala\u015f\u0131m jantlar da arac\u0131n g\u00fc\u00e7l\u00fc g\u00f6r\u00fcn\u00fcm\u00fcne katk\u0131da bulunuyor. T\u00fcm modellerde d\u00f6rt\u00a0tekerleklerten \u00e7eki\u015fle birlikte gelen yeni model varyant i\u00e7in iki benzinli ve iki dizel motor se\u00e7ene\u011fi mevcut.<\/p>\n<p>Skoda Kodiaq, 4.70 m uzunlu\u011fu, yedi koltu\u011fa kadar olan kapasitesi, s\u0131n\u0131f\u0131ndaki en b\u00fcy\u00fck i\u00e7 hacmi ve ayak mesafesiyle, dikkatleri \u00e7eken bir ilk \u00e7\u0131k\u0131\u015f\u0131 kutlad\u0131. Tasar\u0131m markan\u0131n tasar\u0131m kimli\u011fini yans\u0131t\u0131yor ve iyi bir duygusall\u0131k ve mant\u0131k\u00a0kombinasyonunu temsil ediyor. Skoda Kodiaq Scout model varyant\u0131, belirgin tasar\u0131m \u00f6zellikleri ile dayan\u0131kl\u0131l\u0131\u011f\u0131 ve g\u00fcc\u00fcn\u00fcn alt\u0131n\u0131 \u00e7iziyor.<\/p>\n<p>Ara\u00e7ta iki benzinli ve iki de dizel motor se\u00e7ene\u011fi bulunuyor:<\/p>\n<p>1.4 TSI 110-kW (150-PS) 4 \u00d7 4, en y\u00fcksek h\u0131z 197 km \/ h, 9.8 saniyede 0-100 km \/ saat, kombine t\u00fcketim 6.8 l \/ 100 km, 153 g CO2 \/ km<br \/>\n2,0 TSI 132 saniyede kW (180-PS) 4 x 4, en y\u00fcksek h\u0131z 207 km \/ h, 8.0 saniyede 0-100 km \/ saat, kombine t\u00fcketim 7,3 l \/ 100 km, 168 g CO2 \/ km<br \/>\n2.0 TDI 110-kW (150-PS) 4 \u00d7 4, en y\u00fcksek h\u0131z 197 km \/ saat, 0-100 km \/ saat 9.5 saniye, kombine t\u00fcketim 5.3 l \/ 100 km, 139 g CO2 \/ km<br \/>\n2.0 TDI 140-kW (190-PS) 4 \u00d7 4, en y\u00fcksek h\u0131z 210 km \/ h, 8.9 saniyede 0-100 km \/ saat, kombine t\u00fcketim 5.7 l \/ 100 km, 150 g CO2 \/ km<\/p>\n<\/div>\n","protected":false},"excerpt":{"rendered":"<p>Standart olarak d\u00f6rt tekerlekten \u00e7eki\u015f sistemine sahip. Skoda, SUV segmentindeki ata\u011f\u0131na devam ediyor. \u00c7ek\u00a0otomobil \u00fcreticisi Skoda, Kodiaq Scout ile 2017 Cenevre Uluslararas\u0131 Otomobil Fuar\u0131&#8217;nda g\u00f6rsel olarak ve teknoloji a\u00e7\u0131s\u0131ndan off-road yeteneklerini g\u00f6sterecek. Sa\u011flam ve agresif g\u00f6r\u00fcn\u00fcm\u00fc, \u00f6n ve arka b\u00f6lgede ay\u0131r\u0131c\u0131 alt\u0131 g\u00f6vde korumas\u0131 da dahil olmak \u00fczere g\u00fcm\u00fc\u015f renkli tasar\u0131m detaylar\u0131 ile vurgulan\u0131yor. \u00d6zellikle [&hellip;]<\/p>\n","protected":false},"author":1,"featured_media":10639,"comment_status":"open","ping_status":"open","sticky":false,"template":"","format":"standard","meta":{"ngg_post_thumbnail":0},"categories":[5215],"tags":[11195,5487,6401,11211,11163,11467,11546],"_links":{"self":[{"href":"https:\/\/emlaktuel.com\/index.php?rest_route=\/wp\/v2\/posts\/10638"}],"collection":[{"href":"https:\/\/emlaktuel.com\/index.php?rest_route=\/wp\/v2\/posts"}],"about":[{"href":"https:\/\/emlaktuel.com\/index.php?rest_route=\/wp\/v2\/types\/post"}],"author":[{"embeddable":true,"href":"https:\/\/emlaktuel.com\/index.php?rest_route=\/wp\/v2\/users\/1"}],"replies":[{"embeddable":true,"href":"https:\/\/emlaktuel.com\/index.php?rest_route=%2Fwp%2Fv2%2Fcomments&post=10638"}],"version-history":[{"count":1,"href":"https:\/\/emlaktuel.com\/index.php?rest_route=\/wp\/v2\/posts\/10638\/revisions"}],"predecessor-version":[{"id":10640,"href":"https:\/\/emlaktuel.com\/index.php?rest_route=\/wp\/v2\/posts\/10638\/revisions\/10640"}],"wp:featuredmedia":[{"embeddable":true,"href":"https:\/\/emlaktuel.com\/index.php?rest_route=\/wp\/v2\/media\/10639"}],"wp:attachment":[{"href":"https:\/\/emlaktuel.com\/index.php?rest_route=%2Fwp%2Fv2%2Fmedia&parent=10638"}],"wp:term":[{"taxonomy":"category","embeddable":true,"href":"https:\/\/emlaktuel.com\/index.php?rest_route=%2Fwp%2Fv2%2Fcategories&post=10638"},{"taxonomy":"post_tag","embeddable":true,"href":"https:\/\/emlaktuel.com\/index.php?rest_route=%2Fwp%2Fv2%2Ftags&post=10638"}],"curies":[{"name":"wp","href":"https:\/\/api.w.org\/{rel}","templated":true}]}}