{"id":10585,"date":"2017-01-25T23:33:39","date_gmt":"2017-01-25T20:33:39","guid":{"rendered":"http:\/\/emlaktuel.com\/?p=10585"},"modified":"2018-07-05T15:51:15","modified_gmt":"2018-07-05T12:51:15","slug":"mesa-2017deki-yeni-projelerini-tanitacak","status":"publish","type":"post","link":"https:\/\/emlaktuel.com\/?p=10585","title":{"rendered":"Mesa 2017&#8217;deki yeni projelerini tan\u0131tacak"},"content":{"rendered":"<p><img loading=\"lazy\" class=\"aligncenter size-full wp-image-10586\" src=\"http:\/\/emlaktuel.com\/wp-content\/uploads\/2017\/01\/maxresdefault.jpg\" alt=\"mesa\" width=\"1280\" height=\"720\" \/><\/p>\n<p><em>Yar\u0131m asra yakla\u015fan k\u00f6kl\u00fc ge\u00e7mi\u015fi ile T\u00fcrkiye in\u015faat sekt\u00f6r\u00fcn\u00fcn \u00f6nc\u00fc kurulu\u015fu MESA\u2019n\u0131n 2016 y\u0131l\u0131 de\u011ferlendirmeleri, 2017 y\u0131l\u0131 \u00f6ng\u00f6r\u00fcleri ve yeni projeleri, <strong>16 \u015eubat Per\u015fembe\u00a0<\/strong>sabah\u0131 d\u00fczenlenecek Bas\u0131n Toplant\u0131s\u0131yla payla\u015f\u0131lacak.<\/em><\/p>\n<p><strong><em>MESA Y\u00f6netim Kurulu Ba\u015fkan\u0131 Erhan Boysano\u011flu, MESA Genel M\u00fcd\u00fcr\u00fc Mert Boysano\u011flu<\/em><\/strong><em> ve<strong> MESA Genel M\u00fcd\u00fcr Yard\u0131mc\u0131s\u0131 Tolga B\u0131y\u0131kl\u0131o\u011flu<\/strong>\u2019nun ev sahipli\u011finde d\u00fczenlenecek bu \u00f6zel toplant\u0131da Mesa&#8217;n\u0131n yeni projeleri tan\u0131t\u0131lacak ve 2016 de\u011ferlendirilecek.<\/em><\/p>\n<p><strong><em><u>MESA Bas\u0131n Toplant\u0131s\u0131:<br \/>\n<\/u><\/em><\/strong><em>Tarih: <strong>16 \u015eubat 2017 \u2013 Per\u015fembe<br \/>\n<\/strong>Saat:\u00a0\u00a0\u00a0 10.00<br \/>\nYer:\u00a0\u00a0\u00a0\u00a0 (En k\u0131sa s\u00fcrede bildirilecektir)<\/em><\/p>\n","protected":false},"excerpt":{"rendered":"<p>Yar\u0131m asra yakla\u015fan k\u00f6kl\u00fc ge\u00e7mi\u015fi ile T\u00fcrkiye in\u015faat sekt\u00f6r\u00fcn\u00fcn \u00f6nc\u00fc kurulu\u015fu MESA\u2019n\u0131n 2016 y\u0131l\u0131 de\u011ferlendirmeleri, 2017 y\u0131l\u0131 \u00f6ng\u00f6r\u00fcleri ve yeni projeleri, 16 \u015eubat Per\u015fembe\u00a0sabah\u0131 d\u00fczenlenecek Bas\u0131n Toplant\u0131s\u0131yla payla\u015f\u0131lacak. MESA Y\u00f6netim Kurulu Ba\u015fkan\u0131 Erhan Boysano\u011flu, MESA Genel M\u00fcd\u00fcr\u00fc Mert Boysano\u011flu ve MESA Genel M\u00fcd\u00fcr Yard\u0131mc\u0131s\u0131 Tolga B\u0131y\u0131kl\u0131o\u011flu\u2019nun ev sahipli\u011finde d\u00fczenlenecek bu \u00f6zel toplant\u0131da Mesa&#8217;n\u0131n yeni projeleri [&hellip;]<\/p>\n","protected":false},"author":1,"featured_media":10586,"comment_status":"open","ping_status":"open","sticky":false,"template":"","format":"standard","meta":{"ngg_post_thumbnail":0},"categories":[26,97],"tags":[4626,67,1258,106,825,556,11416,1813],"_links":{"self":[{"href":"https:\/\/emlaktuel.com\/index.php?rest_route=\/wp\/v2\/posts\/10585"}],"collection":[{"href":"https:\/\/emlaktuel.com\/index.php?rest_route=\/wp\/v2\/posts"}],"about":[{"href":"https:\/\/emlaktuel.com\/index.php?rest_route=\/wp\/v2\/types\/post"}],"author":[{"embeddable":true,"href":"https:\/\/emlaktuel.com\/index.php?rest_route=\/wp\/v2\/users\/1"}],"replies":[{"embeddable":true,"href":"https:\/\/emlaktuel.com\/index.php?rest_route=%2Fwp%2Fv2%2Fcomments&post=10585"}],"version-history":[{"count":3,"href":"https:\/\/emlaktuel.com\/index.php?rest_route=\/wp\/v2\/posts\/10585\/revisions"}],"predecessor-version":[{"id":10589,"href":"https:\/\/emlaktuel.com\/index.php?rest_route=\/wp\/v2\/posts\/10585\/revisions\/10589"}],"wp:featuredmedia":[{"embeddable":true,"href":"https:\/\/emlaktuel.com\/index.php?rest_route=\/wp\/v2\/media\/10586"}],"wp:attachment":[{"href":"https:\/\/emlaktuel.com\/index.php?rest_route=%2Fwp%2Fv2%2Fmedia&parent=10585"}],"wp:term":[{"taxonomy":"category","embeddable":true,"href":"https:\/\/emlaktuel.com\/index.php?rest_route=%2Fwp%2Fv2%2Fcategories&post=10585"},{"taxonomy":"post_tag","embeddable":true,"href":"https:\/\/emlaktuel.com\/index.php?rest_route=%2Fwp%2Fv2%2Ftags&post=10585"}],"curies":[{"name":"wp","href":"https:\/\/api.w.org\/{rel}","templated":true}]}}