{"id":10535,"date":"2017-01-24T15:38:22","date_gmt":"2017-01-24T12:38:22","guid":{"rendered":"http:\/\/emlaktuel.com\/?p=10535"},"modified":"2018-07-05T15:50:26","modified_gmt":"2018-07-05T12:50:26","slug":"konut-satislari-2016da-rekor-kirdi-sektorun-onemli-isimleri-yorumladi","status":"publish","type":"post","link":"https:\/\/emlaktuel.com\/?p=10535","title":{"rendered":"Konut sat\u0131\u015flar\u0131 2016\u2019da rekor k\u0131rd\u0131. Sekt\u00f6r\u00fcn \u00f6nemli isimleri yorumlad\u0131"},"content":{"rendered":"<p><strong>\u00a0<img loading=\"lazy\" class=\"aligncenter size-full wp-image-10542\" src=\"http:\/\/emlaktuel.com\/wp-content\/uploads\/2017\/01\/3buyuk-2.jpg\" alt=\"3buyuk\" width=\"2201\" height=\"1101\" \/><\/p>\n<p><\/strong><\/p>\n<p>&nbsp;<\/p>\n<p><strong>T\u00fcrkiye \u0130statistik Kurumu 2016 y\u0131l\u0131 konut sat\u0131\u015f verilerini a\u00e7\u0131klad\u0131. T\u00fcrkiye ekonomisi \u00fc\u00e7\u00fcnc\u00fc \u00e7eyrekte 7 y\u0131l sonra daralmas\u0131na ra\u011fmen konut sat\u0131\u015flar\u0131 2016&#8217;da 1 milyon 341 bin 453 ile rekor k\u0131rd\u0131.<\/strong><\/p>\n<p>&nbsp;<\/p>\n<p><strong>Kuzu Grup Y\u00f6netim Kurulu \u00dcyesi \u00d6zen Kuzu;<\/strong><\/p>\n<p>Gerek \u00fclke gerekse sekt\u00f6r olarak zor bir y\u0131l\u0131 geride b\u0131rakt\u0131k. Darbe giri\u015fimi ba\u015fta olmak \u00fczere bir\u00e7ok ter\u00f6r sald\u0131r\u0131s\u0131yla kar\u015f\u0131 kar\u015f\u0131ya kald\u0131k. \u00dclkemizin birli\u011fini hedef alan olumsuz durumlarla ba\u015fa \u00e7\u0131kmay\u0131 iyi bilen bir millet olarak, d\u0131\u015f kaynakl\u0131 ekonomik y\u0131pratma \u00e7abalar\u0131 sonras\u0131nda ne kadar sa\u011flam bir yap\u0131da oldu\u011fumuzu herkese g\u00f6sterdik. Bug\u00fcn gelinen noktada a\u00e7\u0131klanan konut sat\u0131\u015f rakamlar\u0131 da g\u00f6steriyor ki T\u00fcrkiye ekonomisi ve gayrimenkul sekt\u00f6r\u00fc kolay kolay sekteye u\u011framaz. \u00a0K\u00fcresel ve ekonomik fakt\u00f6rler 2016 y\u0131l\u0131nda T\u00fcrkiye ekonomisini etkilese de devlet ve \u00f6zel sekt\u00f6r olarak herkes \u00fczerine d\u00fc\u015feni yapt\u0131. Bu sayede karanl\u0131k g\u00fcnlerin \u00e7abuk atlat\u0131lmas\u0131 sa\u011fland\u0131. Vatanda\u015flara sunulan g\u00fc\u00e7 birli\u011fi kampanyalar\u0131 ve uygun \u00f6deme ko\u015fullar\u0131yla birlikte 2016 y\u0131l\u0131nda konut sat\u0131\u015flar\u0131nda rekor k\u0131r\u0131lm\u0131\u015f oldu. 2017, sekt\u00f6r\u00fcm\u00fcze ivme kazand\u0131racak g\u00fczel kararlarla ba\u015flad\u0131. Yabanc\u0131 yat\u0131r\u0131mc\u0131ya vatanda\u015fl\u0131k hakk\u0131, konut sat\u0131\u015flar\u0131nda d\u00fczenleme gibi \u00f6nemli ad\u0131mlar 2017 y\u0131l\u0131n\u0131n 2016\u2019dan daha iyi ge\u00e7ece\u011finin bir i\u015fareti. 2017 y\u0131l\u0131nda sekt\u00f6r olarak KDV oranlar\u0131n\u0131n da bir an \u00f6nce d\u00fc\u015f\u00fcr\u00fclmesi, konut geli\u015ftiricileri i\u00e7in standartlar olu\u015fturulmas\u0131 ve yabanc\u0131ya konut sat\u0131\u015f\u0131n\u0131n bir ihracat kalemi gibi de\u011ferlendirilmesi i\u00e7in de yeni kararlar bekliyoruz.<\/p>\n<p><strong>Aremas Gayrimenkul Kurucusu ve Genel M\u00fcd\u00fcr\u00fc Vedat Arslan:<\/strong><\/p>\n<p>Konut sat\u0131\u015flar\u0131n\u0131n 2016 y\u0131l\u0131nda y\u00fckselerek rekor k\u0131rmas\u0131 sekt\u00f6r\u00fcm\u00fcz i\u00e7in s\u00fcrpriz bir geli\u015fme olmam\u0131\u015ft\u0131r. Ge\u00e7ti\u011fimiz y\u0131l T\u00fcrkiye pek \u00e7ok badire atlatm\u0131\u015f olsa da konut al\u0131m kampanyalar\u0131 ve bankalar\u0131n konut faizlerinde ger\u00e7ekle\u015ftirdikleri d\u00fczenlemeler sebebiyle konut al\u0131m\u0131 devam etti ve 2015 y\u0131l\u0131na g\u00f6re y\u00fczde 4 art\u0131\u015f g\u00f6sterdi. 2017 y\u0131l\u0131na bakt\u0131\u011f\u0131m\u0131zda \u00f6n\u00fcm\u00fczdeki d\u00f6nemde banka kredi faiz oranlar\u0131nda yap\u0131lan d\u00fczenlemelerin yan\u0131 s\u0131ra vadenin de 10 y\u0131ldan 20 y\u0131la \u00e7\u0131kar\u0131lmas\u0131 sekt\u00f6re hareketlilik katmaya devam edecek. Y\u0131l\u0131n ikinci yar\u0131s\u0131 lansman\u0131 ger\u00e7ekle\u015fecek projeler ile sat\u0131\u015flar artacak ve 2017 y\u0131l\u0131 i\u00e7in beklenen konut sat\u0131\u015f rakam\u0131 1.5 milyon seviyesini ge\u00e7ecektir.<\/p>\n<p><strong>Aycan Feres \u0130\u015f Ortakl\u0131\u011f\u0131 Y\u00f6netim Kurulu Ba\u015fkan\u0131 Ahmet T\u00fcfek\u00e7iba\u015f\u0131:<\/strong><\/p>\n<p>2016 y\u0131l\u0131 hepimiz i\u00e7in olduk\u00e7a zor ge\u00e7ti. Darbe giri\u015fimi, ter\u00f6r sald\u0131r\u0131lar\u0131 ekonomimizi alt \u00fcst etmeye \u00e7al\u0131\u015fsa da bug\u00fcn a\u00e7\u0131klanan rakamlar T\u00fcrkiye\u2019de in\u015faat sekt\u00f6r\u00fcn\u00fcn ve ekonomimizin ne kadar g\u00fc\u00e7l\u00fc oldu\u011funu g\u00f6stermi\u015f oldu. Bu s\u00fcre\u00e7te gerek \u00f6zel sekt\u00f6r gerek h\u00fck\u00fcmetimiz \u00fczerine d\u00fc\u015fen g\u00f6revi hakk\u0131yla yerine getirdi. Biz de \u00f6zveri ile \u00e7al\u0131\u015farak ve elimizi ta\u015f\u0131n alt\u0131na koyarak vatanda\u015flar\u0131m\u0131z\u0131n her zamanki gibi konuta yat\u0131r\u0131m yapmas\u0131na olanak sa\u011flad\u0131k. Emlak piyasas\u0131n\u0131n lider de\u011ferlendirme kurulu\u015flar\u0131n\u0131n g\u00f6r\u00fc\u015flerine bak\u0131ld\u0131\u011f\u0131nda, alt-orta ve orta gelir gruplar\u0131n\u0131 hedefleyen konut projelerine g\u00fc\u00e7l\u00fc talep 2017 y\u0131l\u0131nda da s\u00fcrecek. \u0130stanbul i\u00e7in kentsel d\u00f6n\u00fc\u015f\u00fcm projeleri de yat\u0131r\u0131mc\u0131lar i\u00e7in yeni f\u0131rsatlar sunmaya devam edecek. Konut kredilerinde faiz oranlar\u0131n\u0131n y\u00fckselmemesi ve 150 metrekareden b\u00fcy\u00fck konutlarda KDV&#8217;nin y\u00fczde 8&#8217;e d\u00fc\u015f\u00fcr\u00fclmesi gibi konut al\u0131m\u0131n\u0131 te\u015fvik edici \u00f6nlemler al\u0131nmaya devam edildik\u00e7e 2017\u2019de daha y\u00fcksek sat\u0131\u015f rakamlar\u0131na ula\u015f\u0131laca\u011f\u0131n\u0131 d\u00fc\u015f\u00fcn\u00fcyoruz.<\/p>\n<p>&nbsp;<\/p>\n","protected":false},"excerpt":{"rendered":"<p>\u00a0 &nbsp; T\u00fcrkiye \u0130statistik Kurumu 2016 y\u0131l\u0131 konut sat\u0131\u015f verilerini a\u00e7\u0131klad\u0131. T\u00fcrkiye ekonomisi \u00fc\u00e7\u00fcnc\u00fc \u00e7eyrekte 7 y\u0131l sonra daralmas\u0131na ra\u011fmen konut sat\u0131\u015flar\u0131 2016&#8217;da 1 milyon 341 bin 453 ile rekor k\u0131rd\u0131. &nbsp; Kuzu Grup Y\u00f6netim Kurulu \u00dcyesi \u00d6zen Kuzu; Gerek \u00fclke gerekse sekt\u00f6r olarak zor bir y\u0131l\u0131 geride b\u0131rakt\u0131k. Darbe giri\u015fimi ba\u015fta olmak \u00fczere bir\u00e7ok [&hellip;]<\/p>\n","protected":false},"author":1,"featured_media":10542,"comment_status":"open","ping_status":"open","sticky":false,"template":"","format":"standard","meta":{"ngg_post_thumbnail":0},"categories":[97,5388],"tags":[2434,11105,80,11335,1070,2821,11098,556,11108,11572],"_links":{"self":[{"href":"https:\/\/emlaktuel.com\/index.php?rest_route=\/wp\/v2\/posts\/10535"}],"collection":[{"href":"https:\/\/emlaktuel.com\/index.php?rest_route=\/wp\/v2\/posts"}],"about":[{"href":"https:\/\/emlaktuel.com\/index.php?rest_route=\/wp\/v2\/types\/post"}],"author":[{"embeddable":true,"href":"https:\/\/emlaktuel.com\/index.php?rest_route=\/wp\/v2\/users\/1"}],"replies":[{"embeddable":true,"href":"https:\/\/emlaktuel.com\/index.php?rest_route=%2Fwp%2Fv2%2Fcomments&post=10535"}],"version-history":[{"count":5,"href":"https:\/\/emlaktuel.com\/index.php?rest_route=\/wp\/v2\/posts\/10535\/revisions"}],"predecessor-version":[{"id":10544,"href":"https:\/\/emlaktuel.com\/index.php?rest_route=\/wp\/v2\/posts\/10535\/revisions\/10544"}],"wp:featuredmedia":[{"embeddable":true,"href":"https:\/\/emlaktuel.com\/index.php?rest_route=\/wp\/v2\/media\/10542"}],"wp:attachment":[{"href":"https:\/\/emlaktuel.com\/index.php?rest_route=%2Fwp%2Fv2%2Fmedia&parent=10535"}],"wp:term":[{"taxonomy":"category","embeddable":true,"href":"https:\/\/emlaktuel.com\/index.php?rest_route=%2Fwp%2Fv2%2Fcategories&post=10535"},{"taxonomy":"post_tag","embeddable":true,"href":"https:\/\/emlaktuel.com\/index.php?rest_route=%2Fwp%2Fv2%2Ftags&post=10535"}],"curies":[{"name":"wp","href":"https:\/\/api.w.org\/{rel}","templated":true}]}}