{"id":10486,"date":"2017-01-23T19:31:49","date_gmt":"2017-01-23T16:31:49","guid":{"rendered":"http:\/\/emlaktuel.com\/?p=10486"},"modified":"2018-07-05T15:49:43","modified_gmt":"2018-07-05T12:49:43","slug":"maketten-konut-satisina-yeni-duzenleme","status":"publish","type":"post","link":"https:\/\/emlaktuel.com\/?p=10486","title":{"rendered":"Maketten konut sat\u0131\u015f\u0131na yeni d\u00fczenleme!"},"content":{"rendered":"<h1 class=\"news-detail-title selectionShareable\"><img loading=\"lazy\" class=\"aligncenter size-full wp-image-10487\" src=\"http:\/\/emlaktuel.com\/wp-content\/uploads\/2017\/01\/maketten-konut-satislarina-dikkat.jpg\" alt=\"maketten-konut-satislarina-dikkat\" width=\"466\" height=\"255\" \/><\/h1>\n<h1 class=\"news-detail-title selectionShareable\">Ola\u011fan\u00fcst\u00fc Hal Kapsam\u0131nda Baz\u0131 D\u00fczenlemeler geldi.\u00a0Bug\u00fcnk\u00fc Resmi Gazete&#8217;de yay\u0131mlanan d\u00fczenlemeler hakk\u0131nda Kanun H\u00fckm\u00fcnde Kararname ile maketten konut sat\u0131\u015f\u0131nda baz\u0131 d\u00fczenlemeler yap\u0131ld\u0131..<\/h1>\n<div class=\"soc2 nmobilw\"><\/div>\n<div class=\"centerAd\"><\/div>\n<div class=\"clear-01\">\u00a0Yap\u0131lan d\u00fczenlemelere g\u00f6re, t\u00fcketiciler konut sat\u0131\u015f\u0131nda s\u00f6zle\u015fme tarihinden itibaren yirmid\u00f6rt aya kadar herhangi bir gerek\u00e7e g\u00f6stermeden s\u00f6zle\u015fmeden d\u00f6nebilecek. Bu s\u00fcre d\u00fczenlemeden \u00f6nce &#8220;devir veya teslim tarihine kadar&#8221; olarak belirlenmi\u015fti.<\/div>\n<div>\n<p>Ayr\u0131ca, s\u00f6zle\u015fmeden d\u00f6n\u00fclmesi halinde, s\u00fcreye ba\u011fl\u0131 olarak t\u00fcketicinin \u00f6deyece\u011fi tazminat miktarlar\u0131 da art\u0131r\u0131ld\u0131.<\/p>\n<h2>D\u00fczenleme metni;<\/h2>\n<p>MADDE 7 \u2013 6362 say\u0131l\u0131 Kanunun 94 \u00fcnc\u00fc maddesinin ikinci f\u0131kras\u0131 a\u015fa\u011f\u0131daki \u015fekilde de\u011fi\u015ftirilmi\u015ftir.<\/p>\n<p>\u201c(2) 92 nci maddenin birinci ve \u00fc\u00e7\u00fcnc\u00fc f\u0131kralar\u0131 bu madde bak\u0131m\u0131ndan da uygulan\u0131r.\u201d<\/p>\n<p>MADDE 8 \u2013 7\/11\/2013 tarihli ve 6502 say\u0131l\u0131 T\u00fcketicinin Korunmas\u0131 Hakk\u0131nda Kanunun 45 inci maddesinin birinci f\u0131kras\u0131 a\u015fa\u011f\u0131daki \u015fekilde ve ayn\u0131 maddenin \u00fc\u00e7\u00fcnc\u00fc f\u0131kras\u0131nda yer alan \u201cdoksan g\u00fcn\u201d ibaresi \u201cy\u00fczseksen g\u00fcn\u201d \u015feklinde de\u011fi\u015ftirilmi\u015ftir.<\/p>\n<p>\u201c(1) \u00d6n \u00f6demeli konut sat\u0131\u015f\u0131nda s\u00f6zle\u015fme tarihinden itibaren yirmid\u00f6rt aya kadar \u00a0t\u00fcketicinin herhangi bir gerek\u00e7e g\u00f6stermeden s\u00f6zle\u015fmeden d\u00f6nme hakk\u0131 vard\u0131r. S\u00f6zle\u015fmeden d\u00f6n\u00fclmesi durumunda sat\u0131c\u0131; konutun sat\u0131\u015f\u0131 veya sat\u0131\u015f vaadi s\u00f6zle\u015fmesi nedeniyle olu\u015fan vergi, har\u00e7 ve benzeri yasal y\u00fck\u00fcml\u00fcl\u00fcklerden do\u011fan masraflar ile s\u00f6zle\u015fme tarihinden itibaren ilk \u00fc\u00e7 ay i\u00e7in s\u00f6zle\u015fme bedelinin y\u00fczde ikisine, \u00fc\u00e7 ila alt\u0131 ay aras\u0131 i\u00e7in y\u00fczde d\u00f6rd\u00fcne, alt\u0131 ila oniki ay aras\u0131 i\u00e7in y\u00fczde alt\u0131s\u0131na ve oniki ila yirmid\u00f6rt ay aras\u0131 i\u00e7in de y\u00fczde sekizine kadar tazminat\u0131n \u00f6denmesini isteyebilir.\u201d<\/p>\n<p>&#8220;(3) S\u00f6zle\u015fmeden d\u00f6n\u00fclmesi durumunda, t\u00fcketiciye iade edilmesi gereken tutar ve t\u00fcketiciyi bor\u00e7 alt\u0131na sokan her t\u00fcrl\u00fc belge, d\u00f6nme bildiriminin sat\u0131c\u0131ya ula\u015ft\u0131\u011f\u0131 tarihten itibaren en ge\u00e7\u00a0<b>y\u00fczseksen<\/b>\u00a0g\u00fcn i\u00e7inde t\u00fcketiciye geri verilir. Sat\u0131c\u0131n\u0131n ald\u0131\u011f\u0131 bedeli ve t\u00fcketiciyi bor\u00e7 alt\u0131na sokan her t\u00fcrl\u00fc belgeyi iade etti\u011fi tarihten itibaren, t\u00fcketici on g\u00fcn i\u00e7inde edinimlerini iade eder&#8221;<\/p>\n<h2>Maddenin de\u011fi\u015ftirilmeden \u00f6nceki hali;<\/h2>\n<p>(1) \u00d6n \u00f6demeli konut sat\u0131\u015f\u0131nda, devir veya teslim tarihine kadar t\u00fcketicinin herhangi bir gerek\u00e7e g\u00f6stermeden s\u00f6zle\u015fmeden d\u00f6nme hakk\u0131 vard\u0131r. S\u00f6zle\u015fmeden d\u00f6n\u00fclmesi durumunda sat\u0131c\u0131; konutun sat\u0131\u015f\u0131 veya sat\u0131\u015f vaadi s\u00f6zle\u015fmesi nedeniyle olu\u015fan vergi, har\u00e7 ve benzeri yasal y\u00fck\u00fcml\u00fcl\u00fcklerden do\u011fan masraflar ile s\u00f6zle\u015fme bedelinin y\u00fczde ikisine kadar tazminat\u0131n \u00f6denmesini isteyebilir<\/p>\n<p>&nbsp;<\/p>\n<\/div>\n","protected":false},"excerpt":{"rendered":"<p>Ola\u011fan\u00fcst\u00fc Hal Kapsam\u0131nda Baz\u0131 D\u00fczenlemeler geldi.\u00a0Bug\u00fcnk\u00fc Resmi Gazete&#8217;de yay\u0131mlanan d\u00fczenlemeler hakk\u0131nda Kanun H\u00fckm\u00fcnde Kararname ile maketten konut sat\u0131\u015f\u0131nda baz\u0131 d\u00fczenlemeler yap\u0131ld\u0131.. \u00a0Yap\u0131lan d\u00fczenlemelere g\u00f6re, t\u00fcketiciler konut sat\u0131\u015f\u0131nda s\u00f6zle\u015fme tarihinden itibaren yirmid\u00f6rt aya kadar herhangi bir gerek\u00e7e g\u00f6stermeden s\u00f6zle\u015fmeden d\u00f6nebilecek. Bu s\u00fcre d\u00fczenlemeden \u00f6nce &#8220;devir veya teslim tarihine kadar&#8221; olarak belirlenmi\u015fti. Ayr\u0131ca, s\u00f6zle\u015fmeden d\u00f6n\u00fclmesi halinde, s\u00fcreye [&hellip;]<\/p>\n","protected":false},"author":1,"featured_media":10487,"comment_status":"open","ping_status":"open","sticky":false,"template":"","format":"standard","meta":{"ngg_post_thumbnail":0},"categories":[27,97,5388],"tags":[80,11335,6350,11118,11098,11230,9343,217],"_links":{"self":[{"href":"https:\/\/emlaktuel.com\/index.php?rest_route=\/wp\/v2\/posts\/10486"}],"collection":[{"href":"https:\/\/emlaktuel.com\/index.php?rest_route=\/wp\/v2\/posts"}],"about":[{"href":"https:\/\/emlaktuel.com\/index.php?rest_route=\/wp\/v2\/types\/post"}],"author":[{"embeddable":true,"href":"https:\/\/emlaktuel.com\/index.php?rest_route=\/wp\/v2\/users\/1"}],"replies":[{"embeddable":true,"href":"https:\/\/emlaktuel.com\/index.php?rest_route=%2Fwp%2Fv2%2Fcomments&post=10486"}],"version-history":[{"count":1,"href":"https:\/\/emlaktuel.com\/index.php?rest_route=\/wp\/v2\/posts\/10486\/revisions"}],"predecessor-version":[{"id":10488,"href":"https:\/\/emlaktuel.com\/index.php?rest_route=\/wp\/v2\/posts\/10486\/revisions\/10488"}],"wp:featuredmedia":[{"embeddable":true,"href":"https:\/\/emlaktuel.com\/index.php?rest_route=\/wp\/v2\/media\/10487"}],"wp:attachment":[{"href":"https:\/\/emlaktuel.com\/index.php?rest_route=%2Fwp%2Fv2%2Fmedia&parent=10486"}],"wp:term":[{"taxonomy":"category","embeddable":true,"href":"https:\/\/emlaktuel.com\/index.php?rest_route=%2Fwp%2Fv2%2Fcategories&post=10486"},{"taxonomy":"post_tag","embeddable":true,"href":"https:\/\/emlaktuel.com\/index.php?rest_route=%2Fwp%2Fv2%2Ftags&post=10486"}],"curies":[{"name":"wp","href":"https:\/\/api.w.org\/{rel}","templated":true}]}}