{"id":10430,"date":"2017-01-19T13:08:15","date_gmt":"2017-01-19T10:08:15","guid":{"rendered":"http:\/\/emlaktuel.com\/?p=10430"},"modified":"2018-07-05T15:48:59","modified_gmt":"2018-07-05T12:48:59","slug":"mercedes-benz-gle-gls-ve-bazi-modelleri-geri-cagirdi","status":"publish","type":"post","link":"https:\/\/emlaktuel.com\/?p=10430","title":{"rendered":"Mercedes-Benz GLE, GLS ve baz\u0131 modelleri geri \u00e7a\u011f\u0131rd\u0131."},"content":{"rendered":"<h2>ABD&#8217;de ger\u00e7ekle\u015fen geri \u00e7a\u011f\u0131rmada GLE ve GLS serileri bulunuyor.<\/h2>\n<div class=\"content\">\n<div class=\"resim\"><img class=\"resim\" src=\"http:\/\/www.otomobilgazetesi.com\/uploads\/20170107201308_2017-mercedes-amg-gls63-side-angle-970x647-c.jpg\" alt=\"\" border=\"0\" \/><\/div>\n<div class=\"ekstra\">\n<div class=\"info\"><\/div>\n<\/div>\n<div class=\"img\"><\/div>\n<p>Mercedes-Benz, Amerika Birle\u015fik Devletleri&#8217;nde, 2016 ve 2017 model y\u0131llar\u0131nda olan GLS ve GLE Serisi ara\u00e7lar\u0131 aras\u0131ndan 47.799 adedini geri \u00e7a\u011f\u0131rd\u0131\u011f\u0131n\u0131 a\u00e7\u0131klad\u0131. Hatan\u0131n etkiledi\u011fi ara\u00e7 listesi \u015fu \u015fekilde:<\/p>\n<ul>\n<li>GLE550e 2016<\/li>\n<li>GLE300D 2016<\/li>\n<li>GLE350D 2016<\/li>\n<li>GLE400 2016<\/li>\n<li>GLE63S 2016<\/li>\n<li>GLS63 2017<\/li>\n<li>GL350 2016-2017<\/li>\n<li>GL550 2016-2017<\/li>\n<li>GLE350 2016-2017<\/li>\n<li>GLE43 AMG 2016-2017<\/li>\n<li>GLE450 2016-2017<\/li>\n<li>GLE63 2016-2017<\/li>\n<\/ul>\n<p>\u00d6n yolcu hava yast\u0131\u011f\u0131n\u0131n kalibrasyonunda hata olabilece\u011fini belirten firma, bu nedenle sistemin bir yeti\u015fkini \u00e7ocuk koltu\u011fu olarak g\u00f6rebilece\u011fini ve bu nedenle de hava yast\u0131\u011f\u0131n\u0131n a\u00e7\u0131lmayabilece\u011fini belirtti. Tahmin edilebilece\u011fi gibi bunun sonucunda, ge\u00e7irilen kazalarda \u00f6n g\u00f6r\u00fclmeyen yaralanmalar ya\u015fanabilir.<\/p>\n<p>Mercedes, durumdan etkilenen ara\u00e7lar\u0131n sahipleriyle bu ay i\u00e7erisinde ileti\u015fime ge\u00e7meye ba\u015flayacak. Bayiler yolcu ay\u0131rma yaz\u0131l\u0131m\u0131n\u0131 g\u00fcncelleyecek. Bu sorunun yaralanmalara sebep olup olmad\u0131\u011f\u0131 hakk\u0131nda bir a\u00e7\u0131klamaya rastlanmad\u0131.<\/p>\n<div class=\"temizle\"><\/div>\n<div class=\"ekstra\"><\/div>\n<\/div>\n","protected":false},"excerpt":{"rendered":"<p>ABD&#8217;de ger\u00e7ekle\u015fen geri \u00e7a\u011f\u0131rmada GLE ve GLS serileri bulunuyor. Mercedes-Benz, Amerika Birle\u015fik Devletleri&#8217;nde, 2016 ve 2017 model y\u0131llar\u0131nda olan GLS ve GLE Serisi ara\u00e7lar\u0131 aras\u0131ndan 47.799 adedini geri \u00e7a\u011f\u0131rd\u0131\u011f\u0131n\u0131 a\u00e7\u0131klad\u0131. Hatan\u0131n etkiledi\u011fi ara\u00e7 listesi \u015fu \u015fekilde: GLE550e 2016 GLE300D 2016 GLE350D 2016 GLE400 2016 GLE63S 2016 GLS63 2017 GL350 2016-2017 GL550 2016-2017 GLE350 2016-2017 GLE43 [&hellip;]<\/p>\n","protected":false},"author":1,"featured_media":10432,"comment_status":"open","ping_status":"open","sticky":false,"template":"","format":"standard","meta":{"ngg_post_thumbnail":0},"categories":[5215],"tags":[11279,349,11396,5639,11284],"_links":{"self":[{"href":"https:\/\/emlaktuel.com\/index.php?rest_route=\/wp\/v2\/posts\/10430"}],"collection":[{"href":"https:\/\/emlaktuel.com\/index.php?rest_route=\/wp\/v2\/posts"}],"about":[{"href":"https:\/\/emlaktuel.com\/index.php?rest_route=\/wp\/v2\/types\/post"}],"author":[{"embeddable":true,"href":"https:\/\/emlaktuel.com\/index.php?rest_route=\/wp\/v2\/users\/1"}],"replies":[{"embeddable":true,"href":"https:\/\/emlaktuel.com\/index.php?rest_route=%2Fwp%2Fv2%2Fcomments&post=10430"}],"version-history":[{"count":1,"href":"https:\/\/emlaktuel.com\/index.php?rest_route=\/wp\/v2\/posts\/10430\/revisions"}],"predecessor-version":[{"id":10433,"href":"https:\/\/emlaktuel.com\/index.php?rest_route=\/wp\/v2\/posts\/10430\/revisions\/10433"}],"wp:featuredmedia":[{"embeddable":true,"href":"https:\/\/emlaktuel.com\/index.php?rest_route=\/wp\/v2\/media\/10432"}],"wp:attachment":[{"href":"https:\/\/emlaktuel.com\/index.php?rest_route=%2Fwp%2Fv2%2Fmedia&parent=10430"}],"wp:term":[{"taxonomy":"category","embeddable":true,"href":"https:\/\/emlaktuel.com\/index.php?rest_route=%2Fwp%2Fv2%2Fcategories&post=10430"},{"taxonomy":"post_tag","embeddable":true,"href":"https:\/\/emlaktuel.com\/index.php?rest_route=%2Fwp%2Fv2%2Ftags&post=10430"}],"curies":[{"name":"wp","href":"https:\/\/api.w.org\/{rel}","templated":true}]}}