{"id":10408,"date":"2017-01-19T12:33:40","date_gmt":"2017-01-19T09:33:40","guid":{"rendered":"http:\/\/emlaktuel.com\/?p=10408"},"modified":"2018-07-05T15:48:36","modified_gmt":"2018-07-05T12:48:36","slug":"katarla-140-milyar-dolarlik-dev-anlasma","status":"publish","type":"post","link":"https:\/\/emlaktuel.com\/?p=10408","title":{"rendered":"Katarla 140 milyar dolarl\u0131k dev anla\u015fma"},"content":{"rendered":"<dl class=\"flash\">\n<dd><\/dd>\n<\/dl>\n<section>\n<div class=\"detay\">\n<div class=\"topDetail\">\n<div class=\"frame\">\n<div class=\"image\">\n<div class=\"info\"><img loading=\"lazy\" class=\"aligncenter size-full wp-image-10409\" src=\"http:\/\/emlaktuel.com\/wp-content\/uploads\/2017\/01\/616x275-140-milyar-lik-katar-firsati-1484779232671.jpeg\" alt=\"616x275-140-milyar-lik-katar-firsati-1484779232671\" width=\"616\" height=\"275\" \/><\/div>\n<\/div>\n<div class=\"txt\">\n<div class=\"txtIn\">\n<article id=\"contextual\" class=\"selectionShareable\">\n<h2>2022 D\u00fcnya Kupas\u0131 i\u00e7in 140 milyar dolarl\u0131k yat\u0131r\u0131m hamlesi ba\u015flatan Katar, T\u00fcrk firmalar\u0131n\u0131 \u00fclkeye yat\u0131r\u0131ma \u00e7a\u011f\u0131rd\u0131. Katar Sanayi Odas\u0131 Ba\u015fkan\u0131 Al Thani, \u201cFirmalara yat\u0131r\u0131m i\u00e7in her t\u00fcrl\u00fc kolayl\u0131\u011f\u0131 sa\u011flayaca\u011f\u0131z\u201d dedi<\/h2>\n<p>T\u00fcrk firmalar\u0131na Katar&#8217;dan yat\u0131r\u0131m daveti geldi. <strong>2022 D\u00fcnya Kupas\u0131<\/strong> i\u00e7in 140 milyar dolarl\u0131k yat\u0131r\u0131m yapacak olan Katar, T\u00fcrklere her t\u00fcrl\u00fc yat\u0131r\u0131m ve i\u015fbirli\u011fi kolayl\u0131\u011f\u0131 sa\u011flayaca\u011f\u0131n\u0131 a\u00e7\u0131klad\u0131. TOBB Ba\u015fkan\u0131 Rifat Hisarc\u0131kl\u0131o\u011flu ile ortak bas\u0131n toplant\u0131s\u0131 d\u00fczenleyen Katar Ticaret ve Sanayi Odas\u0131 Ba\u015fkan\u0131 \u015eeyh Khalifa bin Jassim Al Thani, iki \u00fclke aras\u0131ndaki ticari ili\u015fkilerin artt\u0131\u011f\u0131n\u0131 belirterek ekonomi, politik ve g\u00fcvenlik alan\u0131nda s\u0131k\u0131 bir i\u015fbirli\u011finin s\u00f6z konusu oldu\u011funu kaydetti. Thani, &#8220;K\u00fc\u00e7\u00fck ve orta \u00f6l\u00e7ekli sanayiyi geli\u015ftirmeyi ama\u00e7l\u0131yoruz. Bu konuda T\u00fcrkiye olduk\u00e7a ba\u015far\u0131l\u0131. \u0130\u015fbirli\u011fi yapmay\u0131 da temenni ediyoruz&#8221; dedi. T\u00fcrk firmalar\u0131n\u0131n 140 milyar dolarl\u0131k yat\u0131r\u0131mdan pay almaya ba\u015flad\u0131\u011f\u0131n\u0131 ifade eden Thani, &#8220;Bu tutar i\u00e7inde Tekfen projeleri yer al\u0131yor. Kuzey Otoyolu&#8217;nu ba\u015far\u0131l\u0131yla tamamlayan Tekfen&#8217;e 7 milyar dolarl\u0131k yeni denizyolu projesini verdik. Burada ba\u015fka \u015firketler de var&#8221; diye konu\u015ftu.<\/p>\n<p><b>K\u00d6RFEZ&#8217;LE T\u0130CARET HIZLANIYOR<\/b><br \/>\nG\u00f6r\u00fc\u015fmelerde STA&#8217;n\u0131n gecikmesine de\u011findi\u011fini aktaran Thani, &#8220;E\u011fer bu anla\u015fma k\u0131sa bir s\u00fcrede imzalan\u0131rsa ba\u015fta Katar olmak \u00fczere K\u00f6rfez \u00fclkeleri aras\u0131nda ticaret hacmi daha da artacak. \u0130\u015fbirli\u011fi ger\u00e7ekle\u015firse K\u00f6rfez \u00fclkeleri ve T\u00fcrkiye aras\u0131nda o alana da katk\u0131 yapm\u0131\u015f olaca\u011f\u0131z. Biz h\u0131zland\u0131r\u0131lmas\u0131na destek veriyoruz&#8221; \u015feklinde konu\u015ftu.<\/p>\n<p><b>T\u00dcRK \u0130\u015eADAMLARINA <\/b><b>\u00d6NCEL\u0130K VER\u0130N<\/b><br \/>\nTOBB Ba\u015fkan\u0131 Hisarc\u0131kl\u0131o\u011flu, Katar&#8217;da turizm, hizmet ve sa\u011fl\u0131k sekt\u00f6r\u00fcnde b\u00fcy\u00fck f\u0131rsatlar oldu\u011funu ifade ederek Katar Ba\u015fbakan\u0131 ile g\u00f6r\u00fc\u015fmesinde verilen mesajlar\u0131n \u00f6nemli oldu\u011funu kaydetti. Hisarc\u0131kl\u0131o\u011flu, &#8220;Katar Emiri&#8217;nin birinci talimat\u0131n\u0131n T\u00fcrk i\u015fadamlar\u0131na \u00f6ncelik verilmesi oldu\u011funu ifade etti. &#8216;H\u00fck\u00fcmet olarak biz de \u00fczerimize d\u00fc\u015feni yap\u0131yoruz&#8217; dediler. B\u00fcy\u00fck otoyol projesinden sonra yeni bir m\u00fcjde daha verece\u011fiz&#8217; dedi. Bu kapsamda bu g\u00f6r\u00fc\u015fmeyi ger\u00e7ekle\u015ftirmeyi sa\u011flayan de\u011ferli karde\u015fim Thani&#8217;ye te\u015fekk\u00fcr ediyorum&#8221; \u015feklinde konu\u015ftu.<\/p>\n<p><b>KATAR&#8217;A ASKER\u0130 \u00dcS <\/b><b>\u0130N\u015eA ED\u0130YORUZ<\/b><br \/>\nTOBB<b> <\/b>Ba\u015fkan\u0131 Rifat Hisarc\u0131kl\u0131o\u011flu, d\u0131\u015f politika dahil her konuda tek bir devlet gibi hareket edildi\u011fini ifade ederek, &#8220;T\u00fcrkiye d\u00fcnyadaki ilk askeri \u00fcss\u00fcn\u00fc Katar&#8217;a in\u015fa ediyor. Katar bizim en zor g\u00fcn\u00fcm\u00fczde yan\u0131m\u0131zda oldu. 15 Temmuz darbe giri\u015fiminde ilk arayan Katar Emiri oldu. Yurtd\u0131\u015f\u0131nda T\u00fcrkiye ekonomisi ile ilgili epey olumsuz alg\u0131 ortaya \u00e7\u0131kt\u0131, bu alg\u0131y\u0131 bilerek pompalayanlar oldu. Katar T\u00fcrkiye ekonomisine g\u00fcveni g\u00f6stermek i\u00e7in arka arkaya yat\u0131r\u0131m yapt\u0131&#8221; de\u011ferlendirmesinde bulundu.<\/p>\n<p><strong>3 A\u015eAMALI PLAN<\/strong><br \/>\nKatar ile 3 a\u015famal\u0131 plan \u00e7er\u00e7evesinde i\u015fbirli\u011fi yap\u0131laca\u011f\u0131n\u0131 belirten Hisarc\u0131kl\u0131o\u011flu, &#8220;Firmalar\u0131m\u0131z\u0131 ticari partner yapmak, Katarl\u0131 dostlar\u0131m\u0131z\u0131n daha fazla \u015firketle ortak olmas\u0131n\u0131 sa\u011flamak, turizm ve imalat sanayisindeki tecr\u00fcbemizi aktarmak istiyoruz&#8221; dedi.<\/p>\n<\/article>\n<p>SABAH<\/p>\n<\/div>\n<\/div>\n<\/div>\n<\/div>\n<\/div>\n<\/section>\n","protected":false},"excerpt":{"rendered":"<p>2022 D\u00fcnya Kupas\u0131 i\u00e7in 140 milyar dolarl\u0131k yat\u0131r\u0131m hamlesi ba\u015flatan Katar, T\u00fcrk firmalar\u0131n\u0131 \u00fclkeye yat\u0131r\u0131ma \u00e7a\u011f\u0131rd\u0131. Katar Sanayi Odas\u0131 Ba\u015fkan\u0131 Al Thani, \u201cFirmalara yat\u0131r\u0131m i\u00e7in her t\u00fcrl\u00fc kolayl\u0131\u011f\u0131 sa\u011flayaca\u011f\u0131z\u201d dedi T\u00fcrk firmalar\u0131na Katar&#8217;dan yat\u0131r\u0131m daveti geldi. 2022 D\u00fcnya Kupas\u0131 i\u00e7in 140 milyar dolarl\u0131k yat\u0131r\u0131m yapacak olan Katar, T\u00fcrklere her t\u00fcrl\u00fc yat\u0131r\u0131m ve i\u015fbirli\u011fi kolayl\u0131\u011f\u0131 sa\u011flayaca\u011f\u0131n\u0131 [&hellip;]<\/p>\n","protected":false},"author":1,"featured_media":10410,"comment_status":"open","ping_status":"open","sticky":false,"template":"","format":"standard","meta":{"ngg_post_thumbnail":0},"categories":[5213,97,5388],"tags":[2373,6307,11248,11122,5322,6309,2393,6308,316,96],"_links":{"self":[{"href":"https:\/\/emlaktuel.com\/index.php?rest_route=\/wp\/v2\/posts\/10408"}],"collection":[{"href":"https:\/\/emlaktuel.com\/index.php?rest_route=\/wp\/v2\/posts"}],"about":[{"href":"https:\/\/emlaktuel.com\/index.php?rest_route=\/wp\/v2\/types\/post"}],"author":[{"embeddable":true,"href":"https:\/\/emlaktuel.com\/index.php?rest_route=\/wp\/v2\/users\/1"}],"replies":[{"embeddable":true,"href":"https:\/\/emlaktuel.com\/index.php?rest_route=%2Fwp%2Fv2%2Fcomments&post=10408"}],"version-history":[{"count":1,"href":"https:\/\/emlaktuel.com\/index.php?rest_route=\/wp\/v2\/posts\/10408\/revisions"}],"predecessor-version":[{"id":10411,"href":"https:\/\/emlaktuel.com\/index.php?rest_route=\/wp\/v2\/posts\/10408\/revisions\/10411"}],"wp:featuredmedia":[{"embeddable":true,"href":"https:\/\/emlaktuel.com\/index.php?rest_route=\/wp\/v2\/media\/10410"}],"wp:attachment":[{"href":"https:\/\/emlaktuel.com\/index.php?rest_route=%2Fwp%2Fv2%2Fmedia&parent=10408"}],"wp:term":[{"taxonomy":"category","embeddable":true,"href":"https:\/\/emlaktuel.com\/index.php?rest_route=%2Fwp%2Fv2%2Fcategories&post=10408"},{"taxonomy":"post_tag","embeddable":true,"href":"https:\/\/emlaktuel.com\/index.php?rest_route=%2Fwp%2Fv2%2Ftags&post=10408"}],"curies":[{"name":"wp","href":"https:\/\/api.w.org\/{rel}","templated":true}]}}