{"id":10384,"date":"2017-01-18T23:39:24","date_gmt":"2017-01-18T20:39:24","guid":{"rendered":"http:\/\/emlaktuel.com\/?p=10384"},"modified":"2018-07-05T15:48:16","modified_gmt":"2018-07-05T12:48:16","slug":"akzirve-strada-satis-ofisinde-karne-senligi","status":"publish","type":"post","link":"https:\/\/emlaktuel.com\/?p=10384","title":{"rendered":"Akzirve, STRADA sat\u0131\u015f ofisinde karne \u015fenli\u011fi"},"content":{"rendered":"<div class=\"mb10\">\n<div class=\"mb10\">\n<h1 class=\"news-title\">\u0130stanbul Ba\u015fak\u015fehir&#8217;de Akzirve taraf\u0131ndan hayata ge\u00e7irilen, STRADA projesinin sat\u0131\u015f ofisinde karne \u015fenli\u011fi d\u00fczenliyor.<\/h1>\n<\/div>\n<div class=\"row\"><\/div>\n<h1 class=\"news-title\"><img loading=\"lazy\" class=\"aligncenter size-full wp-image-10385\" src=\"http:\/\/emlaktuel.com\/wp-content\/uploads\/2017\/01\/akzirve-basaksehir-strada-18-ocak-2017.jpg\" alt=\"akzirve-basaksehir-strada-18-ocak-2017\" width=\"1600\" height=\"1200\" \/><\/h1>\n<h1 class=\"news-title\"><strong>Bah\u00e7e\u015fehir\u2019e caddeli hayat konseptiyle STRADA projesini kazand\u0131ran Akzirve, sekt\u00f6rde bir ilke imza atarak sat\u0131\u015f ofisinde karne \u015fenli\u011fi d\u00fczenliyor.<\/strong><\/h1>\n<\/div>\n<div class=\"row\">\n<div class=\"col-lg-8 col-md-8 col-sm-12 col-xs-12\">\n<div class=\"mb10\">\n<div class=\"text_post_section product_page news_page\">\n<div id=\"detailBody\" class=\"detailp\">\n<p>\u00a021 Ocak Cumartesi g\u00fcn\u00fc \u00e7ocuklarla Lego oyun alanlar\u0131n\u0131n olu\u015fturulaca\u011f\u0131, velilerin Uzman Pedagog Sevil Yavuz ile \u00e7ocuk psikolojisi \u00fczerine sohbetler edece\u011fi etkinli\u011fe kat\u0131l\u0131m \u00fccretsiz.<\/p>\n<p><strong>Akzirve<\/strong>\u2019nin, lansman tarihinden itibaren yo\u011fun ilgiyle kar\u015f\u0131la\u015fan projesi STRADA, karne \u015fenli\u011fi d\u00fczenleyerek \u00e7ocuklar\u0131 a\u011f\u0131rlamaya haz\u0131rlan\u0131yor.<\/p>\n<p>Yar\u0131y\u0131l tatilinin ilk g\u00fcn\u00fcnde <strong>STRADA<\/strong> sat\u0131\u015f ofisinde \u00e7ocuklar\u0131 ve velileri a\u011f\u0131rlayacak olan Akzirve, gayrimenkul sekt\u00f6r\u00fcnde bir ilke imza atarak uzman e\u011fitmenler ve binlerce Lego par\u00e7as\u0131 ile \u00e7ocuklara STRADA\u2019y\u0131 in\u015fa ettirirken, velileri de Uzman Pedagog Sevil Yavuz ile bulu\u015fturuyor.<\/p>\n<p>21 Ocak Cumartesi g\u00fcn\u00fc, Akzirve\u2019nin Bah\u00e7e\u015fehir Ho\u015fdere\u2019de yer alan STRADA sat\u0131\u015f ofisinde 13.00 \u2013 17.30 saatleri aras\u0131nda \u00fccretsiz olarak d\u00fczenlenecek olan karne \u015fenli\u011fi etkinli\u011fine kat\u0131lmak ve bilgi almak isteyenler, <strong>444 3358<\/strong> numaral\u0131 \u00e7a\u011fr\u0131 merkezinden bilgi alabiliyor.<\/p>\n<p>&nbsp;<\/p>\n<\/div>\n<\/div>\n<\/div>\n<\/div>\n<\/div>\n","protected":false},"excerpt":{"rendered":"<p>\u0130stanbul Ba\u015fak\u015fehir&#8217;de Akzirve taraf\u0131ndan hayata ge\u00e7irilen, STRADA projesinin sat\u0131\u015f ofisinde karne \u015fenli\u011fi d\u00fczenliyor. Bah\u00e7e\u015fehir\u2019e caddeli hayat konseptiyle STRADA projesini kazand\u0131ran Akzirve, sekt\u00f6rde bir ilke imza atarak sat\u0131\u015f ofisinde karne \u015fenli\u011fi d\u00fczenliyor. \u00a021 Ocak Cumartesi g\u00fcn\u00fc \u00e7ocuklarla Lego oyun alanlar\u0131n\u0131n olu\u015fturulaca\u011f\u0131, velilerin Uzman Pedagog Sevil Yavuz ile \u00e7ocuk psikolojisi \u00fczerine sohbetler edece\u011fi etkinli\u011fe kat\u0131l\u0131m \u00fccretsiz. Akzirve\u2019nin, [&hellip;]<\/p>\n","protected":false},"author":1,"featured_media":10386,"comment_status":"open","ping_status":"open","sticky":false,"template":"","format":"standard","meta":{"ngg_post_thumbnail":0},"categories":[221,97,5388],"tags":[4728,4695,5709,6290,6289,6288,5712,5711,566,1923,11228,106,11098,11406],"_links":{"self":[{"href":"https:\/\/emlaktuel.com\/index.php?rest_route=\/wp\/v2\/posts\/10384"}],"collection":[{"href":"https:\/\/emlaktuel.com\/index.php?rest_route=\/wp\/v2\/posts"}],"about":[{"href":"https:\/\/emlaktuel.com\/index.php?rest_route=\/wp\/v2\/types\/post"}],"author":[{"embeddable":true,"href":"https:\/\/emlaktuel.com\/index.php?rest_route=\/wp\/v2\/users\/1"}],"replies":[{"embeddable":true,"href":"https:\/\/emlaktuel.com\/index.php?rest_route=%2Fwp%2Fv2%2Fcomments&post=10384"}],"version-history":[{"count":1,"href":"https:\/\/emlaktuel.com\/index.php?rest_route=\/wp\/v2\/posts\/10384\/revisions"}],"predecessor-version":[{"id":10387,"href":"https:\/\/emlaktuel.com\/index.php?rest_route=\/wp\/v2\/posts\/10384\/revisions\/10387"}],"wp:featuredmedia":[{"embeddable":true,"href":"https:\/\/emlaktuel.com\/index.php?rest_route=\/wp\/v2\/media\/10386"}],"wp:attachment":[{"href":"https:\/\/emlaktuel.com\/index.php?rest_route=%2Fwp%2Fv2%2Fmedia&parent=10384"}],"wp:term":[{"taxonomy":"category","embeddable":true,"href":"https:\/\/emlaktuel.com\/index.php?rest_route=%2Fwp%2Fv2%2Fcategories&post=10384"},{"taxonomy":"post_tag","embeddable":true,"href":"https:\/\/emlaktuel.com\/index.php?rest_route=%2Fwp%2Fv2%2Ftags&post=10384"}],"curies":[{"name":"wp","href":"https:\/\/api.w.org\/{rel}","templated":true}]}}