{"id":10339,"date":"2017-01-18T12:41:10","date_gmt":"2017-01-18T09:41:10","guid":{"rendered":"http:\/\/emlaktuel.com\/?p=10339"},"modified":"2018-07-05T15:47:40","modified_gmt":"2018-07-05T12:47:40","slug":"katarda-14-milyar-dolarlik-proje-ustlenildi","status":"publish","type":"post","link":"https:\/\/emlaktuel.com\/?p=10339","title":{"rendered":"Katar\u2019da 14 milyar dolarl\u0131k proje \u00fcstlenildi!"},"content":{"rendered":"<h1 class=\"news-detail-title selectionShareable\"><img loading=\"lazy\" class=\"aligncenter size-full wp-image-10340\" src=\"http:\/\/emlaktuel.com\/wp-content\/uploads\/2017\/01\/MzY1NzcwNz-katarda-14-milyar-dolarlik-proje-ustlenildi.jpg\" alt=\"r\u0131fat hisarc\u0131kl\u0131o\u011flu\" width=\"468\" height=\"300\" \/><\/h1>\n<h1 class=\"news-detail-title selectionShareable\">T\u00fcrkiye Odalar ve Borsalar Birli\u011fi Ba\u015fkan\u0131 Rifat Hisarc\u0131kl\u0131o\u011flu, \u201cT\u00fcrk firmalar\u0131n\u0131n Katar\u2019da ad\u0131 ge\u00e7mezdi, bug\u00fcn Katar\u2019da 14 milyar dolarl\u0131k proje \u00fcstlenildi\u201d dedi. Hisarc\u0131kl\u0131o\u011flu, Katar sermayesine i\u015fbirli\u011fi \u00e7a\u011fr\u0131s\u0131nda bulundu.<\/h1>\n<div class=\"clear\"><\/div>\n<div>\n<p>T\u00fcrkiye Odalar ve Borsalar Birli\u011fi (TOBB) Ba\u015fkan\u0131 Rifat Hisarc\u0131kl\u0131o\u011flu, Katar sermayesine i\u015fbirli\u011fi \u00e7a\u011fr\u0131s\u0131nda bulunarak, \u201cSizde para, bizde giri\u015fimci ruhu var. Bu iki ruhu birle\u015ftirelim\u201d dedi.<\/p>\n<p>Katar Ba\u015fbakan Yard\u0131mc\u0131s\u0131 ve Devlet Bakan\u0131 Ahmed bin Abdullah Al Mahmoud ev sahipli\u011finde d\u00fczenlenen 2. KOB\u0130 Konferans\u0131, Doha\u2019da yap\u0131ld\u0131. Konferansta Katar ve T\u00fcrkiye aras\u0131ndaki ticari ili\u015fkilerin geli\u015ftirilmesi i\u00e7in anla\u015fma imzaland\u0131.<\/p>\n<p>&nbsp;<\/p>\n<p>15 y\u0131l \u00f6nce kar\u015f\u0131l\u0131kl\u0131 ticaretin 15 milyon dolardan bug\u00fcn 50 kat artarak, 700 milyona ula\u015ft\u0131\u011f\u0131n\u0131 belirten Hisarc\u0131kl\u0131o\u011flu, \u201cT\u00fcrk firmalar\u0131n\u0131n Katar\u2019da ad\u0131 ge\u00e7mezdi, bug\u00fcn Katar\u2019da 14 milyar dolarl\u0131k proje \u00fcstlenildi\u201d diye konu\u015ftu.<\/p>\n<p>Katar\u2019\u0131n 2030 ulusal vizyonunu yak\u0131ndan izlediklerini, \u00fclkenin enerjiye ba\u011fl\u0131 bir ekonomi olmaktan \u00e7\u0131k\u0131p, turizm ve imalata y\u00f6neldi\u011fini kaydeden Hisarc\u0131kl\u0131o\u011flu, T\u00fcrk i\u015fadamlar\u0131 olarak en \u00f6nemli beklentilerinin de T\u00fcrkiye ile K\u00f6rfez \u0130\u015fbirli\u011fi Konseyi aras\u0131ndaki STA\u2019n\u0131n hayata ge\u00e7irilmesi oldu\u011funa i\u015faret ederek, \u201cKatarl\u0131 dostlar\u0131m\u0131z\u0131n \u00f6nc\u00fcl\u00fck yapmas\u0131n\u0131 istiyoruz\u201d dedi.<\/p>\n<h2>B\u00fct\u00fcn bereket bir araya gelene<\/h2>\n<p>Hisarc\u0131kl\u0131o\u011flu, \u201cSizde para, bizde giri\u015fimci ruhu var. Bu iki ruhu birle\u015ftirelim, \u2018Made in Katar\u2019 ile T\u00fcrkiye &#8211; Katar ortakl\u0131\u011f\u0131n\u0131 d\u00fcnyaya kan\u0131tlayal\u0131m. \u0130slam \u00fclkeleri olarak d\u00fcnya petrol\u00fcn\u00fcn y\u00fczde 69\u2019una, do\u011falgaz\u0131n y\u00fczde 50\u2019sine sahibiz. 1.5 milyar n\u00fcfus ile d\u00fcnya n\u00fcfusunun 4\u2019te 1\u2019ine sahibiz ama b\u00fct\u00fcn bu nimetlere ra\u011fmen, durumumuz ne? D\u00fcnya enerji kaynaklar\u0131n\u0131n ba\u015f\u0131nda otururken, sermayeyi elimizde tutarken, d\u00fcnya zenginli\u011finden y\u00fczde 10 pay al\u0131yoruz. Allah bereketi M\u00fcsl\u00fcman\u2019a vermiyor, bir araya gelene veriyor\u201d diye konu\u015ftu.<\/p>\n<p>Katar Ticaret ve Sanayi Odas\u0131 Ba\u015fkan\u0131 \u015eeyh Khalifa bin Jassim Al Thani ise, \u201cNisanda yap\u0131lacak Expo T\u00fcrkiye\u2019nin Katar\u2019da d\u00fczenleyece\u011fi fuara \u00e7ok \u00f6nem veriyoruz\u201d dedi.<\/p>\n<p>&nbsp;<\/p>\n<p>Milliyet<\/p>\n<\/div>\n","protected":false},"excerpt":{"rendered":"<p>T\u00fcrkiye Odalar ve Borsalar Birli\u011fi Ba\u015fkan\u0131 Rifat Hisarc\u0131kl\u0131o\u011flu, \u201cT\u00fcrk firmalar\u0131n\u0131n Katar\u2019da ad\u0131 ge\u00e7mezdi, bug\u00fcn Katar\u2019da 14 milyar dolarl\u0131k proje \u00fcstlenildi\u201d dedi. Hisarc\u0131kl\u0131o\u011flu, Katar sermayesine i\u015fbirli\u011fi \u00e7a\u011fr\u0131s\u0131nda bulundu. T\u00fcrkiye Odalar ve Borsalar Birli\u011fi (TOBB) Ba\u015fkan\u0131 Rifat Hisarc\u0131kl\u0131o\u011flu, Katar sermayesine i\u015fbirli\u011fi \u00e7a\u011fr\u0131s\u0131nda bulunarak, \u201cSizde para, bizde giri\u015fimci ruhu var. Bu iki ruhu birle\u015ftirelim\u201d dedi. Katar Ba\u015fbakan Yard\u0131mc\u0131s\u0131 [&hellip;]<\/p>\n","protected":false},"author":1,"featured_media":10340,"comment_status":"open","ping_status":"open","sticky":false,"template":"","format":"standard","meta":{"ngg_post_thumbnail":0},"categories":[97,5388],"tags":[5322,11499,11363,106,316],"_links":{"self":[{"href":"https:\/\/emlaktuel.com\/index.php?rest_route=\/wp\/v2\/posts\/10339"}],"collection":[{"href":"https:\/\/emlaktuel.com\/index.php?rest_route=\/wp\/v2\/posts"}],"about":[{"href":"https:\/\/emlaktuel.com\/index.php?rest_route=\/wp\/v2\/types\/post"}],"author":[{"embeddable":true,"href":"https:\/\/emlaktuel.com\/index.php?rest_route=\/wp\/v2\/users\/1"}],"replies":[{"embeddable":true,"href":"https:\/\/emlaktuel.com\/index.php?rest_route=%2Fwp%2Fv2%2Fcomments&post=10339"}],"version-history":[{"count":1,"href":"https:\/\/emlaktuel.com\/index.php?rest_route=\/wp\/v2\/posts\/10339\/revisions"}],"predecessor-version":[{"id":10341,"href":"https:\/\/emlaktuel.com\/index.php?rest_route=\/wp\/v2\/posts\/10339\/revisions\/10341"}],"wp:featuredmedia":[{"embeddable":true,"href":"https:\/\/emlaktuel.com\/index.php?rest_route=\/wp\/v2\/media\/10340"}],"wp:attachment":[{"href":"https:\/\/emlaktuel.com\/index.php?rest_route=%2Fwp%2Fv2%2Fmedia&parent=10339"}],"wp:term":[{"taxonomy":"category","embeddable":true,"href":"https:\/\/emlaktuel.com\/index.php?rest_route=%2Fwp%2Fv2%2Fcategories&post=10339"},{"taxonomy":"post_tag","embeddable":true,"href":"https:\/\/emlaktuel.com\/index.php?rest_route=%2Fwp%2Fv2%2Ftags&post=10339"}],"curies":[{"name":"wp","href":"https:\/\/api.w.org\/{rel}","templated":true}]}}