{"id":10330,"date":"2017-01-18T12:30:25","date_gmt":"2017-01-18T09:30:25","guid":{"rendered":"http:\/\/emlaktuel.com\/?p=10330"},"modified":"2018-07-05T15:47:34","modified_gmt":"2018-07-05T12:47:34","slug":"avrasya-tuneline-en-yakin-proje-buyukyali-projesi","status":"publish","type":"post","link":"https:\/\/emlaktuel.com\/?p=10330","title":{"rendered":"Avrasya T\u00fcneline en yak\u0131n proje B\u00fcy\u00fckyal\u0131 projesi"},"content":{"rendered":"<h1 class=\"news-detail-title selectionShareable\">B\u00fcy\u00fckyal\u0131 projesi \u0130stanbul&#8217;da yeni deniz semti olacak!<\/h1>\n<h1 class=\"news-detail-title selectionShareable\"><img loading=\"lazy\" class=\"aligncenter size-full wp-image-10331\" src=\"http:\/\/emlaktuel.com\/wp-content\/uploads\/2017\/01\/341131.jpg\" alt=\"\u00d6zak GYO Genel M\u00fcd\u00fcr\u00fc Fatih Keresteci\" width=\"670\" height=\"377\" \/><\/h1>\n<h1 class=\"news-detail-title selectionShareable\">Avrasya T\u00fcneli&#8217;ne en yak\u0131n proje olan B\u00fcy\u00fckyal\u0131 \u0130stanbul&#8217;da planlanan marina alan\u0131nda projeye \u00f6zel deniz shuttle hizmeti sunulacak. B\u00fcy\u00fckyal\u0131 \u0130stanbul projesini \u00d6zak GYO Genel M\u00fcd\u00fcr\u00fc Fatih Keresteci anlat\u0131yor&#8230;<\/h1>\n<p>&nbsp;<\/p>\n<div>\n<p><b>1. B\u00fcy\u00fckyal\u0131 projesinden genel olarak bahsedecek olursak, projenin in\u015faat\u0131 hangi seviyede, teslimler ne zaman yap\u0131lacak? Fiyatlar \u015fu an ne kadar?<\/b><\/p>\n<p>2016 y\u0131l\u0131n\u0131n ilk \u00e7eyre\u011finde yap\u0131m\u0131na ba\u015flanan B\u00fcy\u00fckyal\u0131 projesi, \u0130stanbul\u2019un ula\u015f\u0131m ve altyap\u0131 yat\u0131r\u0131mlar\u0131yla en \u00e7ok de\u011fer art\u0131\u015f\u0131 kaydeden b\u00f6lgelerinden biri olan Kazl\u0131\u00e7e\u015fme sahil yolunda y\u00fckseliyor. Toplam 111 d\u00f6n\u00fcml\u00fck arazide y\u00fckselen B\u00fcy\u00fckyal\u0131\u2019da, \u015fu ana kadar 560 \u00fcnite sat\u0131\u015fa sunuldu. Projede, 1+1, 2+1, 3+1, 4+1 ve 5+1 plus tiplerinde daire se\u00e7enekleri bulunuyor. Ya\u015fam\u0131n 2019 y\u0131l\u0131nda ba\u015flamas\u0131 planlanan B\u00fcy\u00fckyal\u0131\u2019da, metrekare fiyatlar\u0131 13 bin TL\u2019den ba\u015fl\u0131yor.<\/p>\n<p><b>2. Deniz Semti olarak ifade edilen B\u00fcy\u00fckyal\u0131 projesi sahil yolu \u00fczerinde yer al\u0131yor. Marina alan\u0131n\u0131n olaca\u011f\u0131 projeye \u00f6zel deniz shuttle imkan\u0131 sunulacak. Bu hizmetten ve marina alan\u0131 olanaklar\u0131ndan bahsedebilir misiniz?<\/b><\/p>\n<p>\u0130stanbul\u2019un denizle do\u011frudan ba\u011flant\u0131s\u0131 bulunan nadir semtlerinden Kazl\u0131\u00e7e\u015fme\u2019de yer alan B\u00fcy\u00fckyal\u0131, \u015fehrin yeni \u201cdeniz semti\u201d olacak. Deniz ula\u015f\u0131m\u0131n\u0131 g\u00fcnl\u00fck ya\u015fam\u0131n bir par\u00e7as\u0131 haline getirmeyi planlad\u0131\u011f\u0131m\u0131z projede, marina alan\u0131 da yer al\u0131yor. Kazl\u0131\u00e7e\u015fme sahil yolunda kurulacak marina 2019 y\u0131l\u0131nda hayata ge\u00e7irilecek. B\u00f6ylece B\u00fcy\u00fckyal\u0131 \u0130stanbul sakinlerine, teknelerini evin \u00f6n\u00fcndeki marinaya ba\u011flay\u0131p, y\u00fcr\u00fcyerek eve gitme l\u00fcks\u00fcn\u00fc sunaca\u011f\u0131z.<\/p>\n<p>Marina alan\u0131 i\u00e7erisinde; su sporlar\u0131 ve e\u011fitimlerin yap\u0131laca\u011f\u0131 rekreasyon alanlar\u0131 bulunacak. B\u00fcy\u00fckyal\u0131\u2019ya \u00f6zel hizmet verecek deniz shuttle\u2019lar\u0131m\u0131z buradan hareket edecek. Bu hizmetle, B\u00fcy\u00fckyal\u0131 sakinlerine \u0130stanbul\u2019un yo\u011fun trafi\u011fine tak\u0131lmadan \u00f6zg\u00fcrce seyahat etme f\u0131rsat\u0131 verecek ve zaman kazand\u0131raca\u011f\u0131z.<\/p>\n<p>T\u00fcm bunlara ek olarak, yap\u0131m\u0131 devam eden ve tamamland\u0131\u011f\u0131nda bisiklet, ko\u015fu ve y\u00fcr\u00fcy\u00fc\u015f yapma olana\u011f\u0131 sunacak 30 kilometrelik yeni sahil yolu, bir deniz semtinde ya\u015faman\u0131n t\u00fcm avantajlar\u0131n\u0131 sunacak. B\u00fcy\u00fckyal\u0131 sakinleri, sahile do\u011frudan ba\u011flanan geni\u015f ye\u015fil k\u00f6pr\u00fcden y\u00fcr\u00fcyerek, denize do\u011frudan eri\u015febilecek.<\/p>\n<p><b>3. B\u00fcy\u00fckyal\u0131 projesi, a\u00e7\u0131l\u0131\u015f\u0131 yeni yap\u0131lan Avrasya T\u00fcneli&#8217;nin hemen giri\u015finde yer al\u0131yor. Ula\u015f\u0131m yat\u0131r\u0131mlar\u0131 a\u00e7\u0131s\u0131ndan bakarsak, projenin lokasyonu ne gibi avantajlar sunuyor?<\/b><\/p>\n<p>Kamu otoritesi \u0130stanbul ula\u015f\u0131m ve altyap\u0131 planlar\u0131n\u0131 haz\u0131rlarken, Zeytinburnu b\u00f6lgesini b\u00fct\u00fcn ula\u015f\u0131m akslar\u0131n\u0131n \u00e7ak\u0131\u015ft\u0131\u011f\u0131 en \u00f6nemli merkez olarak konumland\u0131rd\u0131. B\u00fcy\u00fckyal\u0131, \u0130stanbul\u2019un bu yeni ula\u015f\u0131m akslar\u0131n\u0131n kesi\u015fti\u011fi ve her noktaya trafi\u011fe tak\u0131lmadan kolayca ula\u015f\u0131m sa\u011flanabilecek merkezi bir lokasyonda yer al\u0131yor. 20 Aral\u0131k tarihinde hizmete giren Avrasya T\u00fcneli\u2019yle birlikte yap\u0131m\u0131 devam eden \u00a0<a href=\"http:\/\/emlakkulisi.com\/keywords\/marmaray\">Marmaray<\/a>\u00a0 Zeytinburnu dura\u011f\u0131 ve yeni sahil yolu, b\u00fcy\u00fck bir de\u011fer art\u0131\u015f\u0131 yaratt\u0131\u011f\u0131 b\u00f6lgeyi yat\u0131r\u0131mc\u0131lar\u0131n g\u00f6zdesi haline getiriyor.<\/p>\n<p>D\u00fcnyan\u0131n bir\u00e7ok b\u00fcy\u00fck \u015fehrinde, toplu ula\u015f\u0131m olanaklar\u0131n\u0131n \u00e7e\u015fitlenmesi ve yayg\u0131n bi\u00e7imde kullan\u0131lmaya ba\u015flamas\u0131, bu b\u00f6lgelerdeki konut fiyatlar\u0131n\u0131n daha h\u0131zl\u0131 artmas\u0131na neden oluyor. B\u00fcy\u00fckyal\u0131\u2019n\u0131n bulundu\u011fu Kazl\u0131\u00e7e\u015fme, yat\u0131r\u0131mc\u0131s\u0131na sundu\u011fu avantajlarla bu duruma \u00e7ok uygun bir \u00f6rnek.<\/p>\n<p>Zeytinburnu Belediyesi\u2019nce EPOS ve REIDIN ara\u015ft\u0131rma \u015firketlerine haz\u0131rlat\u0131lan ba\u011f\u0131ms\u0131z gayrimenkul raporlar\u0131na g\u00f6re, il\u00e7e ula\u015f\u0131m ve altyap\u0131 yat\u0131r\u0131mlar\u0131yla \u0130stanbul\u2019un g\u00f6zde yerle\u015fim alanlar\u0131ndan biri olmaya aday g\u00f6r\u00fcn\u00fcyor. Uzmanlar\u0131n, Londra ve Barselona k\u0131y\u0131 \u015feridinin ge\u00e7irdi\u011fi de\u011fi\u015fimin bir benzerini ya\u015faca\u011f\u0131n\u0131 \u00f6ng\u00f6rd\u00fckleri Zeytinburnu\u2019nda, metrekare fiyatlar\u0131n\u0131n 5 y\u0131l i\u00e7erisinde b\u00f6lge genelinde %112, sahil band\u0131nda ise %108 art\u0131\u015f g\u00f6sterece\u011fi \u00f6ng\u00f6r\u00fcl\u00fcyor. Kira kriterine g\u00f6re, Avrupa yakas\u0131nda ortalama 19 y\u0131l olan konut amortisman s\u00fcresini 15 y\u0131lda tamamlayan Zeytinburnu, yat\u0131r\u0131mc\u0131s\u0131na y\u00fcksek de\u011fer art\u0131\u015f\u0131 vaat ediyor!<\/p>\n<p>\u00d6te yandan, markal\u0131 projeler ve devlet yat\u0131r\u0131mlar\u0131yla b\u00f6lgenin \u00e7ehresinin de\u011fi\u015fmesi, buradaki projelerin de\u011ferini daha da art\u0131r\u0131yor. Nitelikli spor merkezleri, okul ve \u00fcniversitelerin yer ald\u0131\u011f\u0131 Zeytinburnu; yeni konut, marina, otel, al\u0131\u015fveri\u015f merkezi, hastane ve altyap\u0131 projeleriyle her ge\u00e7en g\u00fcn geli\u015fiyor.<\/p>\n<p><b>4. B\u00fcy\u00fckyal\u0131 projesinin sat\u0131\u015flar\u0131nda son durum nedir? Ne kadar\u0131 sat\u0131ld\u0131? Talepleri yat\u0131r\u0131mc\u0131 ya da oturumcu olarak de\u011ferlendirecek olursak, hangisi daha a\u011f\u0131r bas\u0131yor?<\/b><\/p>\n<p>B\u00fcy\u00fckyal\u0131, Emlak Konut GYO taraf\u0131ndan a\u00e7\u0131klanan sat\u0131\u015f rakamlar\u0131na g\u00f6re, 2016\u2019n\u0131n son 3 ay\u0131nda 534 milyon 56 bin 158 TL sat\u0131\u015f geliri elde etti. Eyl\u00fcl ay\u0131nda ger\u00e7ekle\u015ftirilen lansman\u0131n ard\u0131ndan, k\u0131sa s\u00fcrede ba\u015far\u0131l\u0131 sonu\u00e7lara ula\u015fan B\u00fcy\u00fckyal\u0131, Emlak Konut GYO\u2019nun en \u00e7ok sat\u0131lan projeleri aras\u0131nda yer ald\u0131. S\u00f6z konusu sat\u0131\u015f performans\u0131yla B\u00fcy\u00fckyal\u0131, \u00d6zak GYO\u2019nun yat\u0131r\u0131mc\u0131lar\u0131na 2016\u2019n\u0131n son \u00e7eyre\u011fi i\u00e7in payla\u015ft\u0131\u011f\u0131 ciro \u00f6ng\u00f6r\u00fcs\u00fcn\u00fcn %30 \u00fczerine \u00e7\u0131km\u0131\u015f oldu. Sat\u0131n almalar\u0131 tek bir kategoriye sokmak do\u011fru olmaz, B\u00fcy\u00fckyal\u0131\u2019dan hem yat\u0131r\u0131m hem oturum ama\u00e7l\u0131 sat\u0131n alma yap\u0131l\u0131yor.<\/p>\n<p>Bunlara ek olarak t\u00fcketicilerimizle payla\u015ft\u0131\u011f\u0131m\u0131z bir konuyu da dile getirmek istiyorum. B\u00fcy\u00fckyal\u0131 ailesi olarak, konut almak isteyenlerin dikkat etmesi gereken t\u00fcm konular\u0131 i\u00e7eren bir \u201cEv Alma Klavuzu\u201d haz\u0131rlad\u0131k. <a href=\"http:\/\/emlakkulisi.com\/reklamlar\/ref_haberici_Yonlendir-43_http:\/\/www.evalmakilavuzu.com\" target=\"_blank\" rel=\"nofollow\">www.evalmakilavuzu.com<\/a> web sitesinden de ula\u015f\u0131labilecek k\u0131lavuzda, yat\u0131r\u0131m yap\u0131lacak konutun lokasyonundan, \u00e7evresindeki ula\u015f\u0131m olanaklar\u0131na, sundu\u011fu de\u011fer art\u0131\u015f\u0131 potansiyelinden sosyal ya\u015fam f\u0131rsatlar\u0131na kadar bir\u00e7ok \u00f6nemli konuya yer veriliyor. Kazl\u0131\u00e7e\u015fme sahil band\u0131nda Emlak Konut GYO g\u00fcvencesini ta\u015f\u0131yan tek proje olan B\u00fcy\u00fckyal\u0131, markal\u0131 l\u00fcks konut sekt\u00f6r\u00fcndeki di\u011fer projelerle k\u0131yasland\u0131\u011f\u0131nda, net-br\u00fct metrekare fark\u0131n\u0131n azl\u0131\u011f\u0131 ve kat plan\u0131 verimlili\u011fiyle y\u00fczde 20 oran\u0131nda avantaj sa\u011fl\u0131yor. Sat\u0131\u015f fiyatlar\u0131 her zaman TL baz\u0131nda olan B\u00fcy\u00fckyal\u0131\u2019n\u0131n yat\u0131r\u0131mc\u0131lar\u0131, d\u00f6viz art\u0131\u015f\u0131 ve kur dalgalanmalar\u0131ndan etkilenmiyor.<\/p>\n<\/div>\n","protected":false},"excerpt":{"rendered":"<p>B\u00fcy\u00fckyal\u0131 projesi \u0130stanbul&#8217;da yeni deniz semti olacak! Avrasya T\u00fcneli&#8217;ne en yak\u0131n proje olan B\u00fcy\u00fckyal\u0131 \u0130stanbul&#8217;da planlanan marina alan\u0131nda projeye \u00f6zel deniz shuttle hizmeti sunulacak. B\u00fcy\u00fckyal\u0131 \u0130stanbul projesini \u00d6zak GYO Genel M\u00fcd\u00fcr\u00fc Fatih Keresteci anlat\u0131yor&#8230; &nbsp; 1. B\u00fcy\u00fckyal\u0131 projesinden genel olarak bahsedecek olursak, projenin in\u015faat\u0131 hangi seviyede, teslimler ne zaman yap\u0131lacak? Fiyatlar \u015fu an ne kadar? [&hellip;]<\/p>\n","protected":false},"author":1,"featured_media":10331,"comment_status":"open","ping_status":"open","sticky":false,"template":"","format":"standard","meta":{"ngg_post_thumbnail":0},"categories":[97,5388],"tags":[3705,11584,477,2647,6266,6265,6264,3683,3682,459,80,6263,106,11159,11446,11374],"_links":{"self":[{"href":"https:\/\/emlaktuel.com\/index.php?rest_route=\/wp\/v2\/posts\/10330"}],"collection":[{"href":"https:\/\/emlaktuel.com\/index.php?rest_route=\/wp\/v2\/posts"}],"about":[{"href":"https:\/\/emlaktuel.com\/index.php?rest_route=\/wp\/v2\/types\/post"}],"author":[{"embeddable":true,"href":"https:\/\/emlaktuel.com\/index.php?rest_route=\/wp\/v2\/users\/1"}],"replies":[{"embeddable":true,"href":"https:\/\/emlaktuel.com\/index.php?rest_route=%2Fwp%2Fv2%2Fcomments&post=10330"}],"version-history":[{"count":1,"href":"https:\/\/emlaktuel.com\/index.php?rest_route=\/wp\/v2\/posts\/10330\/revisions"}],"predecessor-version":[{"id":10332,"href":"https:\/\/emlaktuel.com\/index.php?rest_route=\/wp\/v2\/posts\/10330\/revisions\/10332"}],"wp:featuredmedia":[{"embeddable":true,"href":"https:\/\/emlaktuel.com\/index.php?rest_route=\/wp\/v2\/media\/10331"}],"wp:attachment":[{"href":"https:\/\/emlaktuel.com\/index.php?rest_route=%2Fwp%2Fv2%2Fmedia&parent=10330"}],"wp:term":[{"taxonomy":"category","embeddable":true,"href":"https:\/\/emlaktuel.com\/index.php?rest_route=%2Fwp%2Fv2%2Fcategories&post=10330"},{"taxonomy":"post_tag","embeddable":true,"href":"https:\/\/emlaktuel.com\/index.php?rest_route=%2Fwp%2Fv2%2Ftags&post=10330"}],"curies":[{"name":"wp","href":"https:\/\/api.w.org\/{rel}","templated":true}]}}