{"id":10279,"date":"2017-01-16T12:12:30","date_gmt":"2017-01-16T09:12:30","guid":{"rendered":"http:\/\/emlaktuel.com\/?p=10279"},"modified":"2018-07-05T15:46:38","modified_gmt":"2018-07-05T12:46:38","slug":"turkiyenin-cilgin-projeleri-artik-ders-kitaplarina-giriyor","status":"publish","type":"post","link":"https:\/\/emlaktuel.com\/?p=10279","title":{"rendered":"T\u00fcrkiye&#8217;nin \u00e7\u0131lg\u0131n projeleri art\u0131k ders kitaplar\u0131na giriyor!"},"content":{"rendered":"<h1 class=\"news-detail-title selectionShareable\">T\u00fcrkiye&#8217;yi s\u0131\u00e7ratan \u00e7\u0131lg\u0131n projeler ders kitaplar\u0131na giriyor. \u00d6\u011frenciler, uluslararas\u0131 g\u00fcc\u00fc simgeleyen 3. Havaliman\u0131, Marmaray ve Kanal \u0130stanbul&#8217;u co\u011frafya dersinde \u00f6\u011frenecek.<\/h1>\n<div class=\"soc2 nmobilw\"><\/div>\n<div class=\"clear\"><\/div>\n<div>\n<p>Milli E\u011fitim Bakanl\u0131\u011f\u0131 (MEB), uzun s\u00fcredir \u00fczerinde \u00e7al\u0131\u015ft\u0131\u011f\u0131 ilk ve orta\u00f6\u011fretim m\u00fcfredat\u0131n\u0131 tamamlayarak ask\u0131ya \u00e7\u0131kard\u0131. Yeni \u00f6\u011fretim programlar\u0131na T\u00fcrkiye\u2019de \u00e7\u0131\u011f\u0131r a\u00e7an Marmaray, 3. Havaliman\u0131, Yavuz Sultan K\u00f6pr\u00fcs\u00fc gibi projeler eklendi. M\u00fcfredat de\u011fi\u015fikli\u011fi kapsam\u0131nda 9. s\u0131n\u0131f co\u011frafya derslerinde &#8216;\u0130nsanlar\u0131n do\u011fay\u0131 kullanma bi\u00e7imleri&#8217; konusu i\u015flenecek.<\/p>\n<h2>153 y\u0131ll\u0131k hayal Marmaray<\/h2>\n<p>Konu \u00f6rneklendirilirken, \u0130stanbul Bo\u011faz\u0131\u2019n\u0131 yerin 27 metre alt\u0131ndan ge\u00e7erek 153 y\u0131ll\u0131k hayalleri ger\u00e7ekle\u015ftiren \u00a0<a href=\"http:\/\/emlaktuel.com\/?s=marmaray\">Marmaray<\/a>\u00a0 ve Karadeniz\u2019in \u00fcst\u00fcne denizin doldurulmas\u0131yla kurulan Ordu-Giresun (OR-G\u0130) Havaliman\u0131 anlat\u0131lacak. 10.s\u0131n\u0131fta ise &#8216;ula\u015f\u0131m hatlar\u0131n\u0131n b\u00f6lgesel ve k\u00fcresel etkileri&#8217; i\u015flenecek. Bu kapsamda, d\u0131\u015f mihraklar\u0131n k\u0131skand\u0131\u011f\u0131 \u0130stanbul\u2019daki 3. Havaliman\u0131 projesi anlat\u0131lacak. Bu derste \u00f6\u011frencilere Kanal \u0130stanbul Projesi \u00f6rne\u011fi de verilecek.<\/p>\n<h2>Minik mucitler okulda yeti\u015fecek!<\/h2>\n<p>\u0130lk ve ortaokul fen bilimleri m\u00fcfredat\u0131 tasla\u011f\u0131nda da, reform niteli\u011finde uygulamalar yer al\u0131yor. \u00d6\u011frenciler, derslere 4. s\u0131n\u0131ftan itibaren eklenen &#8216;fen ve m\u00fchendislik uygulamalar\u0131&#8217; \u00fcnitesiyle bilimsel ve yenilik\u00e7i \u00fcr\u00fcn tasarlayacak.<\/p>\n<h2>Bilim \u015fenli\u011fi geliyor<\/h2>\n<p>\u00d6\u011frenciler, uygulamal\u0131 derste g\u00fcnl\u00fck hayattan bir problemi tan\u0131mlayacak, onu malzeme, zaman ve maliyet kriterleri kapsam\u0131nda ele alacak, \u00e7\u00f6z\u00fcmler \u00fcretecek. \u00d6\u011frenciler tasarlad\u0131klar\u0131 \u00fcr\u00fcn\u00fc y\u0131l sonunda d\u00fczenlenecek &#8216;bilim \u015fenli\u011finde&#8217; tan\u0131tacak. Bununla birlikte fen bilimlerinin matematik, teknoloji ve m\u00fchendislikle b\u00fct\u00fcnle\u015ftirilmesi sa\u011flanarak, \u00f6\u011frencileri bulu\u015f yapma seviyesine ula\u015ft\u0131rarak, edindikleri bilgi ve becerileri kullanarak \u00fcr\u00fcn olu\u015fturmalar\u0131 ama\u00e7lan\u0131yor.<\/p>\n<h2>&#8216;Hormonlu not&#8217; veren \u00f6zel okulun kap\u0131s\u0131na kilit!<\/h2>\n<p>Uzun y\u0131llard\u0131r tart\u0131\u015f\u0131lan \u2018hormonlu notlara&#8217; Milli E\u011fitim Bakanl\u0131\u011f\u0131 el att\u0131. Verdikleri \u015fi\u015firilmi\u015f notlarla hem lise hem de \u00fcniversite yerle\u015ftirmelerinde \u00f6\u011frencilerinin binlerce s\u0131ra y\u00fckselmesine neden olan \u00f6zel okullar i\u00e7in kapatma cezas\u0131 geldi. Resmi Gazete\u2019de yay\u0131mlanan MEB \u00d6zel \u00d6\u011fretim Kurumlar\u0131 Y\u00f6netmeli\u011fi\u2019nde, \u201cOkullarda yap\u0131lan \u00f6\u011frencilerin ba\u015far\u0131 durumlar\u0131n\u0131n \u00f6l\u00e7\u00fclmesine ili\u015fkin s\u0131navlarda ger\u00e7ek d\u0131\u015f\u0131 not verildi\u011finin tespiti halinde idari para cezas\u0131 verilir\u201d denildi.<\/p>\n<p>Ak\u015fam<\/p>\n<h1><\/h1>\n<\/div>\n","protected":false},"excerpt":{"rendered":"<p>T\u00fcrkiye&#8217;yi s\u0131\u00e7ratan \u00e7\u0131lg\u0131n projeler ders kitaplar\u0131na giriyor. \u00d6\u011frenciler, uluslararas\u0131 g\u00fcc\u00fc simgeleyen 3. Havaliman\u0131, Marmaray ve Kanal \u0130stanbul&#8217;u co\u011frafya dersinde \u00f6\u011frenecek. Milli E\u011fitim Bakanl\u0131\u011f\u0131 (MEB), uzun s\u00fcredir \u00fczerinde \u00e7al\u0131\u015ft\u0131\u011f\u0131 ilk ve orta\u00f6\u011fretim m\u00fcfredat\u0131n\u0131 tamamlayarak ask\u0131ya \u00e7\u0131kard\u0131. Yeni \u00f6\u011fretim programlar\u0131na T\u00fcrkiye\u2019de \u00e7\u0131\u011f\u0131r a\u00e7an Marmaray, 3. Havaliman\u0131, Yavuz Sultan K\u00f6pr\u00fcs\u00fc gibi projeler eklendi. M\u00fcfredat de\u011fi\u015fikli\u011fi kapsam\u0131nda 9. s\u0131n\u0131f [&hellip;]<\/p>\n","protected":false},"author":1,"featured_media":3703,"comment_status":"open","ping_status":"open","sticky":false,"template":"","format":"standard","meta":{"ngg_post_thumbnail":0},"categories":[97,5388],"tags":[11307,6241,2337,242,2705,493,2539,478,106,825,11322,316],"_links":{"self":[{"href":"https:\/\/emlaktuel.com\/index.php?rest_route=\/wp\/v2\/posts\/10279"}],"collection":[{"href":"https:\/\/emlaktuel.com\/index.php?rest_route=\/wp\/v2\/posts"}],"about":[{"href":"https:\/\/emlaktuel.com\/index.php?rest_route=\/wp\/v2\/types\/post"}],"author":[{"embeddable":true,"href":"https:\/\/emlaktuel.com\/index.php?rest_route=\/wp\/v2\/users\/1"}],"replies":[{"embeddable":true,"href":"https:\/\/emlaktuel.com\/index.php?rest_route=%2Fwp%2Fv2%2Fcomments&post=10279"}],"version-history":[{"count":1,"href":"https:\/\/emlaktuel.com\/index.php?rest_route=\/wp\/v2\/posts\/10279\/revisions"}],"predecessor-version":[{"id":10280,"href":"https:\/\/emlaktuel.com\/index.php?rest_route=\/wp\/v2\/posts\/10279\/revisions\/10280"}],"wp:featuredmedia":[{"embeddable":true,"href":"https:\/\/emlaktuel.com\/index.php?rest_route=\/wp\/v2\/media\/3703"}],"wp:attachment":[{"href":"https:\/\/emlaktuel.com\/index.php?rest_route=%2Fwp%2Fv2%2Fmedia&parent=10279"}],"wp:term":[{"taxonomy":"category","embeddable":true,"href":"https:\/\/emlaktuel.com\/index.php?rest_route=%2Fwp%2Fv2%2Fcategories&post=10279"},{"taxonomy":"post_tag","embeddable":true,"href":"https:\/\/emlaktuel.com\/index.php?rest_route=%2Fwp%2Fv2%2Ftags&post=10279"}],"curies":[{"name":"wp","href":"https:\/\/api.w.org\/{rel}","templated":true}]}}