{"id":10270,"date":"2017-01-14T13:37:58","date_gmt":"2017-01-14T10:37:58","guid":{"rendered":"http:\/\/emlaktuel.com\/?p=10270"},"modified":"2018-07-05T15:46:30","modified_gmt":"2018-07-05T12:46:30","slug":"vatandaslik-bekleyen-yatirimcilar-icin-harekete-gecme-zamani","status":"publish","type":"post","link":"https:\/\/emlaktuel.com\/?p=10270","title":{"rendered":"Vatanda\u015fl\u0131k bekleyen yat\u0131r\u0131mc\u0131lar i\u00e7in harekete ge\u00e7me zaman\u0131!"},"content":{"rendered":"<h1 class=\"news-detail-title selectionShareable\"><img loading=\"lazy\" class=\"aligncenter size-full wp-image-10271\" src=\"http:\/\/emlaktuel.com\/wp-content\/uploads\/2017\/01\/NDA1MjM1MD-vatandaslik-bekleyen-yatirimci-icin-harekete-gecme-zamani.jpg\" alt=\"gecme-zamani\" width=\"468\" height=\"300\" \/><\/h1>\n<h1 class=\"news-detail-title selectionShareable\">ERA Gayrimenkul Koordinat\u00f6r\u00fc Mustafa Baygan, \u201cBu y\u00f6netmeli\u011fi bekleyen yabanc\u0131 yat\u0131r\u0131mc\u0131lar var, \u015fimdi onlar harekete ge\u00e7ecek. Yeni y\u00f6netmelik emlak sekt\u00f6r\u00fc i\u00e7in b\u00fcy\u00fck avantaj sa\u011flayacak ve sekt\u00f6re canl\u0131l\u0131k getirecek\u201d dedi.<\/h1>\n<div class=\"clear\"><\/div>\n<div>\n<p>T\u00fcrkiye\u2019den konut alan yabanc\u0131ya vatanda\u015fl\u0131k hakk\u0131 tan\u0131nmas\u0131n\u0131n \u00f6n\u00fcn\u00fc a\u00e7an y\u00f6netmeli\u011fin Resmi Gazete\u2019de yay\u0131nlanmas\u0131, sekt\u00f6r uzmanlar\u0131n\u0131 umutland\u0131rd\u0131. Yeni y\u00f6netmeli\u011fin emlak sekt\u00f6r\u00fcne b\u00fcy\u00fck bir ivme kazand\u0131raca\u011f\u0131n\u0131 belirten ERA Gayrimenkul Koordinat\u00f6r\u00fc Mustafa Baygan, \u201cBu y\u00f6netmeli\u011fi bekleyen yabanc\u0131 yat\u0131r\u0131mc\u0131lar var, \u015fimdi onlar harekete ge\u00e7ecek. Yeni y\u00f6netmelik emlak sekt\u00f6r\u00fc i\u00e7in b\u00fcy\u00fck avantaj sa\u011flayacak ve sekt\u00f6re canl\u0131l\u0131k getirecek\u201d dedi.<\/p>\n<p>T\u00fcrkiye\u2019den 1 milyon dolar tutar\u0131nda ta\u015f\u0131nmaz\u0131 3 y\u0131l satmamak kayd\u0131yla alan yabanc\u0131lara T\u00fcrk vatanda\u015fl\u0131\u011f\u0131 verilmesinin \u00f6n\u00fcn\u00fc a\u00e7an y\u00f6netmeli\u011fin y\u00fcr\u00fcrl\u00fc\u011fe girmesi, sekt\u00f6r uzmanlar\u0131n\u0131 umutland\u0131rd\u0131.<\/p>\n<p>Resmi Gazete&#8217;de yay\u0131mlanan y\u00f6netmeli\u011fe g\u00f6re, en az 1 milyon dolar tutar\u0131nda ta\u015f\u0131nmaz\u0131 3 y\u0131l satmama kayd\u0131yla sat\u0131n alan yabanc\u0131lara T\u00fcrk vatanda\u015fl\u0131\u011f\u0131 verilecek.<\/p>\n<p>D\u00f6viz getiren yabanc\u0131lara vatanda\u015fl\u0131k hakk\u0131 veren yeni y\u00f6netmeli\u011fin emlak sekt\u00f6r\u00fcne ciddi avantaj sa\u011flayaca\u011f\u0131n\u0131 belirten ERA Gayrimenkul T\u00fcrkiye Koordinat\u00f6r\u00fc Mustafa Baygan, belli bir miktar\u0131n \u00fczerinde konut al\u0131m\u0131 yapan yabanc\u0131lara vatanda\u015fl\u0131k hakk\u0131 konusunun uzun zamand\u0131r sekt\u00f6r temsilcileri taraf\u0131ndan talep edildi\u011fini hat\u0131rlatt\u0131.<\/p>\n<p>Baygan \u201cBu karar\u0131 bekleyen yabanc\u0131 yat\u0131r\u0131mc\u0131lar\u0131n oldu\u011funu biliyoruz. 1 milyon dolar yat\u0131r\u0131mla konut alan yabanc\u0131lar emlak sekt\u00f6r\u00fcne direkt olarak katk\u0131 sa\u011flayacak. 2 milyon dolar sermaye ile T\u00fcrkiye\u2019de yat\u0131r\u0131m yapan ve 3 milyon dolar tutar\u0131nda mevduat\u0131 3 y\u0131l s\u00fcre ile tutacak olan yabanc\u0131lar ise her hal\u00fckarda T\u00fcrkiye\u2019de ya konut sat\u0131n alacak ya da kiralayacak. Yeni y\u00f6netmelik emlak sekt\u00f6r\u00fc i\u00e7in b\u00fcy\u00fck avantaj sa\u011flayacak ve sekt\u00f6re ciddi canl\u0131l\u0131k getirecek. Yurtd\u0131\u015f\u0131dan T\u00fcrkiye\u2019ye yat\u0131r\u0131m karar\u0131n\u0131 durduran ister fon, ister bireysel yat\u0131r\u0131mc\u0131 olsun t\u00fcm yat\u0131r\u0131mc\u0131lar\u0131n T\u00fcrkiye\u2019yi tekrar uygun bir liman olarak g\u00f6rmesini sa\u011flayacakt\u0131r. ERA Gayrimenkul olarak g\u00fc\u00e7l\u00fc oldu\u011fumuz ERA Europe, Ortado\u011fu ve Uzakdo\u011fu\u2019dan bu t\u00fcr sinyalleri almaya ba\u015flam\u0131\u015ft\u0131k. ERA \u00fclkelerinden, T\u00fcrkiye\u2019ye yat\u0131r\u0131m yapacak yat\u0131r\u0131mc\u0131lar i\u00e7in son 2 haftad\u0131r baz\u0131 talepler vard\u0131. Yeni uygulama ile bu taleplerin i\u015fleme d\u00f6nece\u011finden eminiz\u201d diye konu\u015ftu.<\/p>\n<p>B\u00fct\u00fcn bu te\u015fviklerin h\u0131zl\u0131ca olmas\u0131n\u0131n sekt\u00f6re b\u00fcy\u00fck ivme kazand\u0131raca\u011f\u0131n\u0131 belirten Baygan, konut sat\u0131n alman\u0131n vatanda\u015fl\u0131k getirmesi sonucu y\u00fczde 2 -3 civar\u0131nda olan yabanc\u0131 konut sat\u0131n alma oran\u0131n\u0131n \u00f6n\u00fcm\u00fczdeki g\u00fcnlerde artaca\u011f\u0131n\u0131 s\u00f6yledi.<\/p>\n<\/div>\n","protected":false},"excerpt":{"rendered":"<p>ERA Gayrimenkul Koordinat\u00f6r\u00fc Mustafa Baygan, \u201cBu y\u00f6netmeli\u011fi bekleyen yabanc\u0131 yat\u0131r\u0131mc\u0131lar var, \u015fimdi onlar harekete ge\u00e7ecek. Yeni y\u00f6netmelik emlak sekt\u00f6r\u00fc i\u00e7in b\u00fcy\u00fck avantaj sa\u011flayacak ve sekt\u00f6re canl\u0131l\u0131k getirecek\u201d dedi. T\u00fcrkiye\u2019den konut alan yabanc\u0131ya vatanda\u015fl\u0131k hakk\u0131 tan\u0131nmas\u0131n\u0131n \u00f6n\u00fcn\u00fc a\u00e7an y\u00f6netmeli\u011fin Resmi Gazete\u2019de yay\u0131nlanmas\u0131, sekt\u00f6r uzmanlar\u0131n\u0131 umutland\u0131rd\u0131. Yeni y\u00f6netmeli\u011fin emlak sekt\u00f6r\u00fcne b\u00fcy\u00fck bir ivme kazand\u0131raca\u011f\u0131n\u0131 belirten ERA Gayrimenkul [&hellip;]<\/p>\n","protected":false},"author":1,"featured_media":10271,"comment_status":"open","ping_status":"open","sticky":false,"template":"","format":"standard","meta":{"ngg_post_thumbnail":0},"categories":[97,5388,5225],"tags":[584,6239,6238,80,11316,11441,316,964,96],"_links":{"self":[{"href":"https:\/\/emlaktuel.com\/index.php?rest_route=\/wp\/v2\/posts\/10270"}],"collection":[{"href":"https:\/\/emlaktuel.com\/index.php?rest_route=\/wp\/v2\/posts"}],"about":[{"href":"https:\/\/emlaktuel.com\/index.php?rest_route=\/wp\/v2\/types\/post"}],"author":[{"embeddable":true,"href":"https:\/\/emlaktuel.com\/index.php?rest_route=\/wp\/v2\/users\/1"}],"replies":[{"embeddable":true,"href":"https:\/\/emlaktuel.com\/index.php?rest_route=%2Fwp%2Fv2%2Fcomments&post=10270"}],"version-history":[{"count":1,"href":"https:\/\/emlaktuel.com\/index.php?rest_route=\/wp\/v2\/posts\/10270\/revisions"}],"predecessor-version":[{"id":10272,"href":"https:\/\/emlaktuel.com\/index.php?rest_route=\/wp\/v2\/posts\/10270\/revisions\/10272"}],"wp:featuredmedia":[{"embeddable":true,"href":"https:\/\/emlaktuel.com\/index.php?rest_route=\/wp\/v2\/media\/10271"}],"wp:attachment":[{"href":"https:\/\/emlaktuel.com\/index.php?rest_route=%2Fwp%2Fv2%2Fmedia&parent=10270"}],"wp:term":[{"taxonomy":"category","embeddable":true,"href":"https:\/\/emlaktuel.com\/index.php?rest_route=%2Fwp%2Fv2%2Fcategories&post=10270"},{"taxonomy":"post_tag","embeddable":true,"href":"https:\/\/emlaktuel.com\/index.php?rest_route=%2Fwp%2Fv2%2Ftags&post=10270"}],"curies":[{"name":"wp","href":"https:\/\/api.w.org\/{rel}","templated":true}]}}