{"id":10206,"date":"2017-01-12T13:06:34","date_gmt":"2017-01-12T10:06:34","guid":{"rendered":"http:\/\/emlaktuel.com\/?p=10206"},"modified":"2018-07-05T15:45:30","modified_gmt":"2018-07-05T12:45:30","slug":"ahmet-calik-artik-resmen-galatasarayda","status":"publish","type":"post","link":"https:\/\/emlaktuel.com\/?p=10206","title":{"rendered":"Ahmet \u00c7al\u0131k art\u0131k resmen Galatasaray&#8217;da!"},"content":{"rendered":"<h1><img loading=\"lazy\" class=\"aligncenter size-full wp-image-10207\" src=\"http:\/\/emlaktuel.com\/wp-content\/uploads\/2017\/01\/4_hd1.jpg\" alt=\"ahmet \u00e7al\u0131k\" width=\"650\" height=\"344\" \/><\/h1>\n<div class=\"txt\">\n<div class=\"txtIn\">\n<article id=\"contextual\" class=\"selectionShareable\">Galatasaray uzun s\u00fcredir pe\u015finde oldu\u011fu Ahmet \u00c7al\u0131k transferi i\u00e7in Gen\u00e7lerbirli\u011fi ile anla\u015fmaya vard\u0131. Sakatl\u0131klar nedeniyle acil stoper arayan sar\u0131-k\u0131rm\u0131z\u0131l\u0131 y\u00f6netim, g\u00fcnlerdir pazarl\u0131kta oldu\u011fu Gen\u00e7lerbirli\u011fi&#8217;ni ikna etti ve milli futbolcuyu renklerine ba\u011flad\u0131.<\/p>\n<p><strong>4,5 YILLIK ANLA\u015eMA<\/strong><\/p>\n<p>Oyuncu i\u00e7in Gen\u00e7lerbirli\u011fi&#8217;ne 2,5 milyon Euro bonservis bedeli \u00f6deyecek olan Galatasaray, 4,5 y\u0131ll\u0131k s\u00f6zle\u015fme imzalayacak. Ahmet \u00c7al\u0131k ise y\u0131ll\u0131k 900 bin euro \u00fccret alacak.<\/p>\n<p><strong>GEN\u00c7LERB\u0130RL\u0130\u011e\u0130 A\u00c7IKLADI<\/strong><\/p>\n<p>Gen\u00e7lerbirli\u011fi Kul\u00fcb\u00fc Ba\u015fkan\u0131 \u0130lhan Cavcav, futbolcular\u0131 Ahmet \u00c7al\u0131k&#8217;\u0131n transferi konusunda Galatasaray ile anla\u015ft\u0131klar\u0131n\u0131 s\u00f6yledi.<\/p>\n<p><strong>\u0130LHAN CAVCAV&#8217;IN S\u00d6ZLER\u0130<\/strong><\/p>\n<p>Cavcav, AA muhabirine yapt\u0131\u011f\u0131 a\u00e7\u0131klamada, 22 ya\u015f\u0131ndaki stoperin transferi i\u00e7in g\u00f6r\u00fc\u015fmelerin uzun zamand\u0131r s\u00fcrd\u00fc\u011f\u00fcn\u00fc hat\u0131rlatarak, &#8220;Milli futbolcumuz Ahmet \u00c7al\u0131k&#8217;\u0131n transferi konusunda Galatasaray ile el s\u0131k\u0131\u015ft\u0131k. Galatasaray, altyap\u0131m\u0131zdan yeti\u015fen Ahmet \u00c7al\u0131k&#8217;\u0131n bonservisi i\u00e7in 2,5 milyon avro \u00f6deyecek. Gen\u00e7lerbirli\u011fi, sadece altyap\u0131s\u0131ndan yeti\u015ftirdi\u011fi futbolcularla ayakta kalm\u0131yor, ayn\u0131 zamanda T\u00fcrk futboluna da hizmet etmeye devam ediyor.&#8221; ifadelerini kulland\u0131.<\/p>\n<p><strong>AHMET \u00c7ALIK&#8217;IN PERFORMANSI<\/strong><\/p>\n<p>Gen\u00e7lerbirli\u011fi&#8217;nin A tak\u0131m\u0131nda 2011&#8217;den beri oynayan Ahmet, \u00e7\u0131kt\u0131\u011f\u0131 118 ma\u00e7ta 4 gol kaydetti. 22 ya\u015f\u0131ndaki savunma oyuncusu, A Milli Tak\u0131m formas\u0131n\u0131 da 7 kez giydi.<\/p>\n<\/article>\n<\/div>\n<\/div>\n","protected":false},"excerpt":{"rendered":"<p>Galatasaray uzun s\u00fcredir pe\u015finde oldu\u011fu Ahmet \u00c7al\u0131k transferi i\u00e7in Gen\u00e7lerbirli\u011fi ile anla\u015fmaya vard\u0131. Sakatl\u0131klar nedeniyle acil stoper arayan sar\u0131-k\u0131rm\u0131z\u0131l\u0131 y\u00f6netim, g\u00fcnlerdir pazarl\u0131kta oldu\u011fu Gen\u00e7lerbirli\u011fi&#8217;ni ikna etti ve milli futbolcuyu renklerine ba\u011flad\u0131. 4,5 YILLIK ANLA\u015eMA Oyuncu i\u00e7in Gen\u00e7lerbirli\u011fi&#8217;ne 2,5 milyon Euro bonservis bedeli \u00f6deyecek olan Galatasaray, 4,5 y\u0131ll\u0131k s\u00f6zle\u015fme imzalayacak. Ahmet \u00c7al\u0131k ise y\u0131ll\u0131k 900 bin [&hellip;]<\/p>\n","protected":false},"author":1,"featured_media":10207,"comment_status":"open","ping_status":"open","sticky":false,"template":"","format":"standard","meta":{"ngg_post_thumbnail":0},"categories":[5214],"tags":[6207,6208,11369,300,268,11175,1697],"_links":{"self":[{"href":"https:\/\/emlaktuel.com\/index.php?rest_route=\/wp\/v2\/posts\/10206"}],"collection":[{"href":"https:\/\/emlaktuel.com\/index.php?rest_route=\/wp\/v2\/posts"}],"about":[{"href":"https:\/\/emlaktuel.com\/index.php?rest_route=\/wp\/v2\/types\/post"}],"author":[{"embeddable":true,"href":"https:\/\/emlaktuel.com\/index.php?rest_route=\/wp\/v2\/users\/1"}],"replies":[{"embeddable":true,"href":"https:\/\/emlaktuel.com\/index.php?rest_route=%2Fwp%2Fv2%2Fcomments&post=10206"}],"version-history":[{"count":1,"href":"https:\/\/emlaktuel.com\/index.php?rest_route=\/wp\/v2\/posts\/10206\/revisions"}],"predecessor-version":[{"id":10208,"href":"https:\/\/emlaktuel.com\/index.php?rest_route=\/wp\/v2\/posts\/10206\/revisions\/10208"}],"wp:featuredmedia":[{"embeddable":true,"href":"https:\/\/emlaktuel.com\/index.php?rest_route=\/wp\/v2\/media\/10207"}],"wp:attachment":[{"href":"https:\/\/emlaktuel.com\/index.php?rest_route=%2Fwp%2Fv2%2Fmedia&parent=10206"}],"wp:term":[{"taxonomy":"category","embeddable":true,"href":"https:\/\/emlaktuel.com\/index.php?rest_route=%2Fwp%2Fv2%2Fcategories&post=10206"},{"taxonomy":"post_tag","embeddable":true,"href":"https:\/\/emlaktuel.com\/index.php?rest_route=%2Fwp%2Fv2%2Ftags&post=10206"}],"curies":[{"name":"wp","href":"https:\/\/api.w.org\/{rel}","templated":true}]}}