{"id":10192,"date":"2017-01-12T12:18:21","date_gmt":"2017-01-12T09:18:21","guid":{"rendered":"http:\/\/emlaktuel.com\/?p=10192"},"modified":"2018-07-05T15:45:18","modified_gmt":"2018-07-05T12:45:18","slug":"invest-insaattan-vadi-koru-projesi-geliyor","status":"publish","type":"post","link":"https:\/\/emlaktuel.com\/?p=10192","title":{"rendered":"Invest \u0130n\u015faat&#8217;tan Vadi Koru projesi geliyor!"},"content":{"rendered":"<h1 class=\"news-detail-title selectionShareable\"><img loading=\"lazy\" class=\"aligncenter size-full wp-image-10193\" src=\"http:\/\/emlaktuel.com\/wp-content\/uploads\/2017\/01\/vadi-koru-1.jpg\" alt=\"vadi-koru-1\" width=\"506\" height=\"297\" \/><\/h1>\n<h1 class=\"news-detail-title selectionShareable\">Vadistanbul proje ortaklar\u0131ndan Invest \u0130n\u015faat, \u0130stanbul Ayaza\u011fa&#8217;da Vadi Koru projesine ba\u015flayacak. \u0130\u015fte Vadi Koru projesinin detaylar\u0131&#8230;<\/h1>\n<p>\u0130stanbul Sar\u0131yer&#8217;e ba\u011fl\u0131 Ayaza\u011fa&#8217;da in\u015fa edilecek olan \u00a0<a href=\"http:\/\/emlaktuel.com\/?s=vadi+koru\"><b>Vadi Koru<\/b><\/a>\u00a0 projesi, Vadistanbul&#8217;un proje orta\u011f\u0131 olan \u00a0Invest \u0130n\u015faat\u00a0 taraf\u0131ndan hayata ge\u00e7iriliyor. <b>Vadi Koru<\/b> projesi, Vadistanbul&#8217;un yan\u0131nda yer al\u0131yor.<\/p>\n<div>\n<p>16 bin metrekare alanda y\u00fckselen <b>Vadi Koru<\/b> projesi 246 daire ve 92 ofisten meydana geliyor. Be\u015f blok olarak tasarlanan projede \u00fc\u00e7 blok konutlara, iki blok ofislere ayr\u0131ld\u0131.<\/p>\n<p><b>Vadi Koru<\/b> projesinde teslimlerin Temmuz 2019 y\u0131l\u0131nda yap\u0131lmas\u0131 planlan\u0131yor. <b>Vadi Koru<\/b> projesinde 1+0, 1+1, 2+1, 3+1 daire tiplerine yer verildi.<\/p>\n<p>&nbsp;<\/p>\n<p>Tel: \u00a00212 465 51 00<\/p>\n<p>Web:\u00a0<a href=\"http:\/\/www.investinsaat.com\">www.investinsaat.com<\/a><\/p>\n<\/div>\n","protected":false},"excerpt":{"rendered":"<p>Vadistanbul proje ortaklar\u0131ndan Invest \u0130n\u015faat, \u0130stanbul Ayaza\u011fa&#8217;da Vadi Koru projesine ba\u015flayacak. \u0130\u015fte Vadi Koru projesinin detaylar\u0131&#8230; \u0130stanbul Sar\u0131yer&#8217;e ba\u011fl\u0131 Ayaza\u011fa&#8217;da in\u015fa edilecek olan \u00a0Vadi Koru\u00a0 projesi, Vadistanbul&#8217;un proje orta\u011f\u0131 olan \u00a0Invest \u0130n\u015faat\u00a0 taraf\u0131ndan hayata ge\u00e7iriliyor. Vadi Koru projesi, Vadistanbul&#8217;un yan\u0131nda yer al\u0131yor. 16 bin metrekare alanda y\u00fckselen Vadi Koru projesi 246 daire ve 92 ofisten [&hellip;]<\/p>\n","protected":false},"author":1,"featured_media":10193,"comment_status":"open","ping_status":"open","sticky":false,"template":"","format":"standard","meta":{"ngg_post_thumbnail":0},"categories":[219,97,5388],"tags":[11528,11192,67,73,106,4445,6202],"_links":{"self":[{"href":"https:\/\/emlaktuel.com\/index.php?rest_route=\/wp\/v2\/posts\/10192"}],"collection":[{"href":"https:\/\/emlaktuel.com\/index.php?rest_route=\/wp\/v2\/posts"}],"about":[{"href":"https:\/\/emlaktuel.com\/index.php?rest_route=\/wp\/v2\/types\/post"}],"author":[{"embeddable":true,"href":"https:\/\/emlaktuel.com\/index.php?rest_route=\/wp\/v2\/users\/1"}],"replies":[{"embeddable":true,"href":"https:\/\/emlaktuel.com\/index.php?rest_route=%2Fwp%2Fv2%2Fcomments&post=10192"}],"version-history":[{"count":1,"href":"https:\/\/emlaktuel.com\/index.php?rest_route=\/wp\/v2\/posts\/10192\/revisions"}],"predecessor-version":[{"id":10194,"href":"https:\/\/emlaktuel.com\/index.php?rest_route=\/wp\/v2\/posts\/10192\/revisions\/10194"}],"wp:featuredmedia":[{"embeddable":true,"href":"https:\/\/emlaktuel.com\/index.php?rest_route=\/wp\/v2\/media\/10193"}],"wp:attachment":[{"href":"https:\/\/emlaktuel.com\/index.php?rest_route=%2Fwp%2Fv2%2Fmedia&parent=10192"}],"wp:term":[{"taxonomy":"category","embeddable":true,"href":"https:\/\/emlaktuel.com\/index.php?rest_route=%2Fwp%2Fv2%2Fcategories&post=10192"},{"taxonomy":"post_tag","embeddable":true,"href":"https:\/\/emlaktuel.com\/index.php?rest_route=%2Fwp%2Fv2%2Ftags&post=10192"}],"curies":[{"name":"wp","href":"https:\/\/api.w.org\/{rel}","templated":true}]}}