{"id":10139,"date":"2017-01-11T12:44:44","date_gmt":"2017-01-11T09:44:44","guid":{"rendered":"http:\/\/emlaktuel.com\/?p=10139"},"modified":"2018-07-05T15:44:42","modified_gmt":"2018-07-05T12:44:42","slug":"insaat-sektoru-bu-yil-rekor-icin-hukumetten-destek-bekliyor","status":"publish","type":"post","link":"https:\/\/emlaktuel.com\/?p=10139","title":{"rendered":"\u0130n\u015faat sekt\u00f6r\u00fc bu y\u0131l rekor i\u00e7in h\u00fck\u00fcmetten destek bekliyor!"},"content":{"rendered":"<h1 class=\"news-detail-title selectionShareable\">2016\u2019y\u0131 1.3 milyon adetlik konut sat\u0131\u015f\u0131yla kapatmay\u0131 hedefleyen in\u015faat sekt\u00f6r\u00fc bu y\u0131l \u00e7\u0131tay\u0131 1.5 milyona y\u00fckseltti. Sekt\u00f6r temsilcileri, \u201cH\u00fck\u00fcmet destek verirse bu y\u0131l u\u00e7ar\u0131z\u201d diyor.<\/h1>\n<div class=\"clear\"><\/div>\n<div>\n<p>Gayrimenkul sekt\u00f6r\u00fc, Fetullah\u00e7\u0131 Ter\u00f6r \u00d6rg\u00fct\u00fc&#8217;n\u00fcn (FET\u00d6) hain darbe giri\u015fimi, ter\u00f6r olaylar\u0131, d\u00f6viz kurundaki dalgalanma sebebiyle 2016&#8217;da zor bir s\u0131nav verdi. T\u00fcm bu geli\u015fmelere ra\u011fmen, en g\u00fcvenli ve yat\u0131r\u0131m\u0131n en fazla oldu\u011fu sekt\u00f6rler aras\u0131nda ilk s\u0131rada yer ald\u0131. Gayrimenkul\u00fcn milli gelir i\u00e7indeki pay\u0131n\u0131n y\u00fczde 8.2&#8217;ye \u00e7\u0131kt\u0131\u011f\u0131, gayrimenkul yat\u0131r\u0131mlar\u0131n\u0131n d\u00f6vizden daha \u00e7ok tercih edildi\u011fi bir y\u0131ld\u0131. Her t\u00fcrl\u00fc s\u0131k\u0131nt\u0131ya ra\u011fmen 2016&#8217;y\u0131 1.3 milyona yakla\u015fan konut sat\u0131\u015f\u0131yla kapatmay\u0131 hedefleyen gayrimenkul sekt\u00f6r\u00fc, bu y\u0131l i\u00e7in \u00e7\u0131tay\u0131 1.5 milyona y\u00fckseltti. Bu rakama ula\u015f\u0131lmas\u0131nda en \u00f6nemli rol\u00fc yine faiz oranlar\u0131 oynayacak. Sekt\u00f6r temsilcilerinin en \u00f6nemli beklentisi ise konutta KDV ve har\u00e7 oranlar\u0131n\u0131n d\u00fc\u015f\u00fcr\u00fclmesi. \u015eu anda y\u00fczde 18, y\u00fczde 8 ve y\u00fczde 1 olarak uygulanan KDV, rayi\u00e7ler nedeniyle \u00e7o\u011fu arsada y\u00fczde 18&#8217;e denk geliyor. Sekt\u00f6r temsilcileri y\u00fczde 1 KDV oran\u0131na denk gelen arsan\u0131n art\u0131k kalmad\u0131\u011f\u0131ndan \u015fik\u00e2yet\u00e7i. E\u011fer bu ger\u00e7ekle\u015firse, sat\u0131\u015flarda rekorun k\u0131r\u0131lmas\u0131na kesin g\u00f6z\u00fcyle bak\u0131l\u0131yor.<\/p>\n<h2>B\u00dcROKRAS\u0130YE MARUZ KALMAYALIM<\/h2>\n<p><img class=\"lazy\" src=\"http:\/\/emlakkulisi.com\/resim\/tamboyut\/MTczNDI5Nj-insaat-temsilcileri-bu-yil-rekor-icin-hukumetten-destek-bekliyor.jpg\" width=\"100%\" data-original=\"\/resim\/tamboyut\/MTczNDI5Nj-insaat-temsilcileri-bu-yil-rekor-icin-hukumetten-destek-bekliyor.jpg\" \/><\/p>\n<h2>\u00a0Sur Yap\u0131 Y\u00f6netim Kurulu Ba\u015fkan\u0131 Altan Elmas:<\/h2>\n<p>B\u00fcrokrasimizde k\u00f6kl\u00fc bir bak\u0131\u015f a\u00e7\u0131s\u0131 var. Yat\u0131r\u0131mlar\u0131n devam\u0131 i\u00e7in bu bak\u0131\u015f a\u00e7\u0131s\u0131 de\u011fi\u015fmeli. Yat\u0131r\u0131ma ba\u015flamak isteyen bir firma uzun y\u0131llar s\u00fcrebilen b\u00fcrokrasiye maruz kalabiliyor. \u00d6te yandan bu y\u0131l sekt\u00f6r olarak KDV d\u00fczenlemesi bekliyoruz. \u00d6zel sekt\u00f6r i\u00e7in b\u00fcy\u00fck \u00f6nem arz eden bu durum ile ilgili gerek kamu gerek \u00f6zel bankac\u0131l\u0131k sekt\u00f6r\u00fcne b\u00fcy\u00fck g\u00f6rev d\u00fc\u015f\u00fcyor.<\/p>\n<h2>YABANCILARA TANITIM YAPILMALI<\/h2>\n<p><img class=\"lazy\" src=\"http:\/\/emlakkulisi.com\/resim\/tamboyut\/NTYxNjg2Nz-insaat-temsilcileri-bu-yil-rekor-icin-hukumetten-destek-bekliyor.jpg\" width=\"100%\" data-original=\"\/resim\/tamboyut\/NTYxNjg2Nz-insaat-temsilcileri-bu-yil-rekor-icin-hukumetten-destek-bekliyor.jpg\" \/><\/p>\n<h2>Dap Holding Ba\u015fkan\u0131 Ziya Y\u0131lmaz:<\/h2>\n<p>Sekt\u00f6r\u00fc hareketlendirecek ve yurtd\u0131\u015f\u0131nda \u00f6rneklerini g\u00f6rd\u00fc\u011f\u00fcm\u00fcz de\u011fi\u015fik uygulamalar\u0131n \u00f6n\u00fcm\u00fczdeki s\u00fcre\u00e7 i\u00e7inde \u00fclkemizde de hayata ge\u00e7irilmesini bekliyoruz. Ayr\u0131ca h\u00fck\u00fcmetimizin t\u00fcm sekt\u00f6rlerle ortak \u00e7al\u0131\u015fma yap\u0131p T\u00fcrkiye alg\u0131s\u0131n\u0131 d\u00fczeltmesi laz\u0131m. Alg\u0131 do\u011fru y\u00f6netilmedik\u00e7e, d\u00fcnyan\u0131n en iyi mal\u0131na sahip olsan bile satamazs\u0131n. Yurtd\u0131\u015f\u0131nda acilen T\u00fcrkiye&#8217;nin do\u011fru tan\u0131t\u0131m\u0131 yap\u0131lmal\u0131.<\/p>\n<h2>FA\u0130ZLER A\u015eA\u011eIYA \u00c7EK\u0130LMEL\u0130<\/h2>\n<p><img class=\"lazy\" src=\"http:\/\/emlakkulisi.com\/resim\/tamboyut\/OTk1NDM4Nj-insaat-temsilcileri-bu-yil-rekor-icin-hukumetten-destek-bekliyor.jpg\" width=\"100%\" data-original=\"\/resim\/tamboyut\/OTk1NDM4Nj-insaat-temsilcileri-bu-yil-rekor-icin-hukumetten-destek-bekliyor.jpg\" \/><\/p>\n<h2>\u0130NDER Ba\u015fkan\u0131 Nazmi Durbakay\u0131m:<\/h2>\n<p>Bu y\u0131l konut \u00fcreticilerini de koruyan d\u00fczenlemelerin yap\u0131lmas\u0131n\u0131 bekliyoruz. Beklentilerimizin yan\u0131 s\u0131ra \u00c7evre ve \u015eehircilik Bakanl\u0131\u011f\u0131&#8217;n\u0131n d\u00f6n\u00fc\u015f\u00fcmde sa\u011flad\u0131\u011f\u0131 kolayl\u0131\u011f\u0131n devam etmesi, faizlerin daha alt seviyelere d\u00fc\u015fmesiyle sat\u0131\u015f rakam\u0131 1.5 milyona yakla\u015f\u0131r. Ayr\u0131ca Anadolu&#8217;da metrekaresi 4 bin liraya konut satabiliyoruz. Bu anlamda potansiyel ta\u015f\u0131yan \u015fehirlerimiz var.<\/p>\n<h2>G\u00dc\u00c7L\u00dc \u0130VME S\u00dcRECEK<\/h2>\n<p><img class=\"lazy\" src=\"http:\/\/emlakkulisi.com\/resim\/tamboyut\/Njk1OTc0Nz-insaat-temsilcileri-bu-yil-rekor-icin-hukumetten-destek-bekliyor.jpg\" width=\"100%\" data-original=\"\/resim\/tamboyut\/Njk1OTc0Nz-insaat-temsilcileri-bu-yil-rekor-icin-hukumetten-destek-bekliyor.jpg\" \/><\/p>\n<h2>GYODER Ba\u015fkan\u0131 Aziz Torun:<\/h2>\n<p>Emlak Konut ile d\u00fczenlenen kampanya y\u00fczde 0.70 faiz oran\u0131 ile \u00f6nemli bir ivme yaratt\u0131. Bu sayede 2016 gibi zor bir y\u0131l\u0131 atlatt\u0131k. Bu g\u00fc\u00e7l\u00fc ivmenin 2016&#8217;da oldu\u011fu gibi 2017&#8217;de de konut sat\u0131\u015flar\u0131n\u0131 olumlu etkilemesini bekliyoruz.<\/p>\n<h2>2016&#8217;DAN DAHA \u0130Y\u0130 OLACAK<\/h2>\n<p><img class=\"lazy\" src=\"http:\/\/emlakkulisi.com\/resim\/tamboyut\/MTM4OTA3Mz-insaat-temsilcileri-bu-yil-rekor-icin-hukumetten-destek-bekliyor.jpg\" width=\"100%\" data-original=\"\/resim\/tamboyut\/MTM4OTA3Mz-insaat-temsilcileri-bu-yil-rekor-icin-hukumetten-destek-bekliyor.jpg\" \/><\/p>\n<h2>\u00a0Kuzu Grup Y\u00f6netim Kurulu \u00dcyesi \u00d6zen Kuzu:<\/h2>\n<p>Faiz indirimi, pe\u015finatlar\u0131n d\u00fc\u015f\u00fcr\u00fclmesi gibi h\u00fck\u00fcmetin yapt\u0131\u011f\u0131 at\u0131l\u0131mlar\u0131n etkisini bu y\u0131l da g\u00f6rece\u011fiz. T\u00fcrkiye&#8217;nin lokomotif g\u00fcc\u00fc in\u015faat sekt\u00f6r\u00fc 2017&#8217;de ge\u00e7en y\u0131ldan daha y\u00fcksek konut sat\u0131\u015f rakamlar\u0131 yakalayacakt\u0131r.<\/p>\n<h2>REKOR \u0130\u00c7\u0130N NE \u00d6NERD\u0130LER?<\/h2>\n<p>1) KDV indirimi gelsin.<\/p>\n<p>2) Faizler y\u00fczde 1&#8217;in alt\u0131nda kals\u0131n.<\/p>\n<p>3) Tapu har\u00e7lar\u0131nda yar\u0131m puan indirim yap\u0131ls\u0131n.<\/p>\n<p>4) Kentsel d\u00f6n\u00fc\u015f\u00fcmdeki sorunlar \u00e7\u00f6z\u00fcls\u00fcn.<\/p>\n<p>5) Yabanc\u0131ya oturum izni verilsin.<\/p>\n<p>6) \u00dclkenin tan\u0131t\u0131m\u0131 do\u011fru yap\u0131ls\u0131n.<\/p>\n<p>7) B\u00fcrokrasideki engeller kalks\u0131n.<\/p>\n<p>8) Anadolu&#8217;da konut a\u00e7\u0131l\u0131m\u0131 yap\u0131ls\u0131n.<\/p>\n<p>Sabah \/ Seda Tabak<\/p>\n<\/div>\n","protected":false},"excerpt":{"rendered":"<p>2016\u2019y\u0131 1.3 milyon adetlik konut sat\u0131\u015f\u0131yla kapatmay\u0131 hedefleyen in\u015faat sekt\u00f6r\u00fc bu y\u0131l \u00e7\u0131tay\u0131 1.5 milyona y\u00fckseltti. Sekt\u00f6r temsilcileri, \u201cH\u00fck\u00fcmet destek verirse bu y\u0131l u\u00e7ar\u0131z\u201d diyor. Gayrimenkul sekt\u00f6r\u00fc, Fetullah\u00e7\u0131 Ter\u00f6r \u00d6rg\u00fct\u00fc&#8217;n\u00fcn (FET\u00d6) hain darbe giri\u015fimi, ter\u00f6r olaylar\u0131, d\u00f6viz kurundaki dalgalanma sebebiyle 2016&#8217;da zor bir s\u0131nav verdi. T\u00fcm bu geli\u015fmelere ra\u011fmen, en g\u00fcvenli ve yat\u0131r\u0131m\u0131n en fazla [&hellip;]<\/p>\n","protected":false},"author":1,"featured_media":3588,"comment_status":"open","ping_status":"open","sticky":false,"template":"","format":"standard","meta":{"ngg_post_thumbnail":0},"categories":[5213,97,5388],"tags":[4480,7140,459,67,1258,80,11361,11349,556,11402],"_links":{"self":[{"href":"https:\/\/emlaktuel.com\/index.php?rest_route=\/wp\/v2\/posts\/10139"}],"collection":[{"href":"https:\/\/emlaktuel.com\/index.php?rest_route=\/wp\/v2\/posts"}],"about":[{"href":"https:\/\/emlaktuel.com\/index.php?rest_route=\/wp\/v2\/types\/post"}],"author":[{"embeddable":true,"href":"https:\/\/emlaktuel.com\/index.php?rest_route=\/wp\/v2\/users\/1"}],"replies":[{"embeddable":true,"href":"https:\/\/emlaktuel.com\/index.php?rest_route=%2Fwp%2Fv2%2Fcomments&post=10139"}],"version-history":[{"count":1,"href":"https:\/\/emlaktuel.com\/index.php?rest_route=\/wp\/v2\/posts\/10139\/revisions"}],"predecessor-version":[{"id":10140,"href":"https:\/\/emlaktuel.com\/index.php?rest_route=\/wp\/v2\/posts\/10139\/revisions\/10140"}],"wp:featuredmedia":[{"embeddable":true,"href":"https:\/\/emlaktuel.com\/index.php?rest_route=\/wp\/v2\/media\/3588"}],"wp:attachment":[{"href":"https:\/\/emlaktuel.com\/index.php?rest_route=%2Fwp%2Fv2%2Fmedia&parent=10139"}],"wp:term":[{"taxonomy":"category","embeddable":true,"href":"https:\/\/emlaktuel.com\/index.php?rest_route=%2Fwp%2Fv2%2Fcategories&post=10139"},{"taxonomy":"post_tag","embeddable":true,"href":"https:\/\/emlaktuel.com\/index.php?rest_route=%2Fwp%2Fv2%2Ftags&post=10139"}],"curies":[{"name":"wp","href":"https:\/\/api.w.org\/{rel}","templated":true}]}}