{"id":10120,"date":"2017-01-10T17:19:43","date_gmt":"2017-01-10T14:19:43","guid":{"rendered":"http:\/\/emlaktuel.com\/?p=10120"},"modified":"2018-07-05T15:44:31","modified_gmt":"2018-07-05T12:44:31","slug":"fifadan-dunya-kupasi-ile-ilgili-radikal-degisiklik","status":"publish","type":"post","link":"https:\/\/emlaktuel.com\/?p=10120","title":{"rendered":"FIFA&#8217;dan D\u00fcnya Kupas\u0131 ile ilgili radikal de\u011fi\u015fiklik!"},"content":{"rendered":"<p><img loading=\"lazy\" src=\"http:\/\/ia.sabah.com.tr\/d9b0e5\/650\/344\/0\/26\/1000\/554?u=http:\/\/i.sabah.com.tr\/sbh\/2017\/01\/10\/1484041940926.jpg\" alt=\"FIFA'dan radikal de\u011fi\u015fiklik! D\u00fcnya Kupas\u0131...\" width=\"650\" height=\"344\" \/><\/p>\n<div class=\"txt\">\n<div class=\"txtIn\">\n<article id=\"contextual\" class=\"selectionShareable\">\n<h2>FIFA, D\u00fcnya Kupas\u0131 stat\u00fcs\u00fcnde \u00f6nemli bir de\u011fi\u015fikli\u011fe gitti. Resmi a\u00e7\u0131klama yap\u0131ld\u0131.<\/h2>\n<p>FIFA&#8217;dan D\u00fcnya Kupas\u0131 i\u00e7in beklenen karar geldi. Yap\u0131lan a\u00e7\u0131klamada D\u00fcnya Kupas\u0131&#8217;n\u0131n yeni stat\u00fct\u00fc duyuruldu.<\/p>\n<p><strong>3&#8217;ER TAKIMDAN 16 GRUP<\/strong><\/p>\n<p>2026&#8217;dan itibaren uygulanmaya ba\u015flanacak sisteme g\u00f6re D\u00fcnya Kupas\u0131&#8217;na 48 tak\u0131m kat\u0131lacak. Bu tak\u0131mlar 3&#8217;er tak\u0131mdan tam 16 grupta m\u00fccadele edecek.<\/p>\n<p><strong>GEL\u0130RLERDE B\u00dcY\u00dcK ARTIK<\/strong><\/p>\n<p>2018 D\u00fcnya Kupas\u0131&#8217;nda 5.5 milyar dolar olan yay\u0131n ve sponsorluk geliri, 2026&#8217;da itibaren 48 tak\u0131m, 80 ma\u00e7l\u0131 formatta 6.5 milyar dolara kadar y\u00fckselecek.<\/p>\n<\/article>\n<\/div>\n<\/div>\n","protected":false},"excerpt":{"rendered":"<p>FIFA, D\u00fcnya Kupas\u0131 stat\u00fcs\u00fcnde \u00f6nemli bir de\u011fi\u015fikli\u011fe gitti. Resmi a\u00e7\u0131klama yap\u0131ld\u0131. FIFA&#8217;dan D\u00fcnya Kupas\u0131 i\u00e7in beklenen karar geldi. Yap\u0131lan a\u00e7\u0131klamada D\u00fcnya Kupas\u0131&#8217;n\u0131n yeni stat\u00fct\u00fc duyuruldu. 3&#8217;ER TAKIMDAN 16 GRUP 2026&#8217;dan itibaren uygulanmaya ba\u015flanacak sisteme g\u00f6re D\u00fcnya Kupas\u0131&#8217;na 48 tak\u0131m kat\u0131lacak. Bu tak\u0131mlar 3&#8217;er tak\u0131mdan tam 16 grupta m\u00fccadele edecek. GEL\u0130RLERDE B\u00dcY\u00dcK ARTIK 2018 D\u00fcnya Kupas\u0131&#8217;nda [&hellip;]<\/p>\n","protected":false},"author":1,"featured_media":10121,"comment_status":"open","ping_status":"open","sticky":false,"template":"","format":"standard","meta":{"ngg_post_thumbnail":0},"categories":[5214],"tags":[258,6174,6172,6173,11284],"_links":{"self":[{"href":"https:\/\/emlaktuel.com\/index.php?rest_route=\/wp\/v2\/posts\/10120"}],"collection":[{"href":"https:\/\/emlaktuel.com\/index.php?rest_route=\/wp\/v2\/posts"}],"about":[{"href":"https:\/\/emlaktuel.com\/index.php?rest_route=\/wp\/v2\/types\/post"}],"author":[{"embeddable":true,"href":"https:\/\/emlaktuel.com\/index.php?rest_route=\/wp\/v2\/users\/1"}],"replies":[{"embeddable":true,"href":"https:\/\/emlaktuel.com\/index.php?rest_route=%2Fwp%2Fv2%2Fcomments&post=10120"}],"version-history":[{"count":1,"href":"https:\/\/emlaktuel.com\/index.php?rest_route=\/wp\/v2\/posts\/10120\/revisions"}],"predecessor-version":[{"id":10122,"href":"https:\/\/emlaktuel.com\/index.php?rest_route=\/wp\/v2\/posts\/10120\/revisions\/10122"}],"wp:featuredmedia":[{"embeddable":true,"href":"https:\/\/emlaktuel.com\/index.php?rest_route=\/wp\/v2\/media\/10121"}],"wp:attachment":[{"href":"https:\/\/emlaktuel.com\/index.php?rest_route=%2Fwp%2Fv2%2Fmedia&parent=10120"}],"wp:term":[{"taxonomy":"category","embeddable":true,"href":"https:\/\/emlaktuel.com\/index.php?rest_route=%2Fwp%2Fv2%2Fcategories&post=10120"},{"taxonomy":"post_tag","embeddable":true,"href":"https:\/\/emlaktuel.com\/index.php?rest_route=%2Fwp%2Fv2%2Ftags&post=10120"}],"curies":[{"name":"wp","href":"https:\/\/api.w.org\/{rel}","templated":true}]}}