{"id":10101,"date":"2017-01-10T13:19:54","date_gmt":"2017-01-10T10:19:54","guid":{"rendered":"http:\/\/emlaktuel.com\/?p=10101"},"modified":"2018-07-05T15:44:15","modified_gmt":"2018-07-05T12:44:15","slug":"basaksehirden-dev-transfer-atagi-christian-atsu","status":"publish","type":"post","link":"https:\/\/emlaktuel.com\/?p=10101","title":{"rendered":"Ba\u015fak\u015fehir&#8217;den dev transfer ata\u011f\u0131: Christian Atsu"},"content":{"rendered":"<p><img loading=\"lazy\" src=\"http:\/\/i.sabah.com.tr\/sb\/fotohaber\/sayfalama\/basaksehirden-dev-transfer-atagi-christian-atsu\/1_hd1.jpg?78662\" alt=\"Ba\u015fak\u015fehir'den dev transfer ata\u011f\u0131: Christian Atsu\" width=\"650\" height=\"344\" \/><\/p>\n<div class=\"txt\">\n<div class=\"txtIn\">\n<article id=\"contextual\" class=\"selectionShareable\">Devre aras\u0131 transfer d\u00f6neminde kadro kalitesini y\u00fckseltmeyi hedefleyen Medipol Ba\u015fak\u015fehir, Chelsea&#8217;li Christian Atsu&#8217;yu transfer etmek istiyor.<\/p>\n<p>Bu sezon Championship ekiplerinden Newcastle United&#8217;ta kiral\u0131k olarak forma giyen Ganal\u0131 oyuncunun transferi ad\u0131na Londra ekibiyle pazarl\u0131klar\u0131n\u0131 s\u00fcrd\u00fcren Medipol Ba\u015fak\u015fehir y\u00f6netimi oyuncuyu sat\u0131\u015f opsiyonuyla birlikte kiralamay\u0131 hedefliyor.<\/p>\n<p>Transfer g\u00f6r\u00fc\u015fmelerinin olumlu devam etti\u011fi \u00f6\u011frenilirken y\u00f6netimin 24 ya\u015f\u0131ndaki oyuncuya imza att\u0131rmak i\u00e7in giri\u015fimlerini s\u00fcrd\u00fcrd\u00fc\u011f\u00fc ifade edildi.<\/p>\n<p><img loading=\"lazy\" class=\"alignnone  wp-image-10103\" src=\"http:\/\/emlaktuel.com\/wp-content\/uploads\/2017\/01\/6_hd1-300x159.jpg\" alt=\"ristovzki\" width=\"622\" height=\"251\" \/><\/p>\n<p>\u00d6te yandan sa\u011f bek pozisyonuna da takviye yapmay\u0131 planlayan Medipol Ba\u015fak\u015fehir, Rijeka&#8217;n\u0131n 24 ya\u015f\u0131ndaki sa\u011f beki Stefan Ristovski&#8217;yi g\u00fcndemine ald\u0131.<\/p>\n<p><img loading=\"lazy\" class=\"alignnone  wp-image-10102\" src=\"http:\/\/emlaktuel.com\/wp-content\/uploads\/2017\/01\/7_hd1-300x159.jpg\" alt=\"mitrovic\" width=\"617\" height=\"284\" \/><\/p>\n<p>&nbsp;<\/p>\n<p>Be\u015fikta\u015f&#8217;a Matej Mitrovic&#8217;i g\u00f6nderen H\u0131rvat kul\u00fcb\u00fcn sezon ba\u015f\u0131nda Avrupa Ligin&#8217;de kar\u015f\u0131la\u015ft\u0131\u011f\u0131 rakibi Medipol Ba\u015fak\u015fehirle pazarl\u0131klar\u0131n\u0131 s\u00fcrd\u00fcrd\u00fc\u011f\u00fc gelen haberler aras\u0131nda. (Lig Tv)<\/p>\n<\/article>\n<\/div>\n<\/div>\n","protected":false},"excerpt":{"rendered":"<p>Devre aras\u0131 transfer d\u00f6neminde kadro kalitesini y\u00fckseltmeyi hedefleyen Medipol Ba\u015fak\u015fehir, Chelsea&#8217;li Christian Atsu&#8217;yu transfer etmek istiyor. Bu sezon Championship ekiplerinden Newcastle United&#8217;ta kiral\u0131k olarak forma giyen Ganal\u0131 oyuncunun transferi ad\u0131na Londra ekibiyle pazarl\u0131klar\u0131n\u0131 s\u00fcrd\u00fcren Medipol Ba\u015fak\u015fehir y\u00f6netimi oyuncuyu sat\u0131\u015f opsiyonuyla birlikte kiralamay\u0131 hedefliyor. Transfer g\u00f6r\u00fc\u015fmelerinin olumlu devam etti\u011fi \u00f6\u011frenilirken y\u00f6netimin 24 ya\u015f\u0131ndaki oyuncuya imza att\u0131rmak [&hellip;]<\/p>\n","protected":false},"author":1,"featured_media":10104,"comment_status":"open","ping_status":"open","sticky":false,"template":"","format":"standard","meta":{"ngg_post_thumbnail":0},"categories":[5214],"tags":[325,2987,6160,5052,683,11098],"_links":{"self":[{"href":"https:\/\/emlaktuel.com\/index.php?rest_route=\/wp\/v2\/posts\/10101"}],"collection":[{"href":"https:\/\/emlaktuel.com\/index.php?rest_route=\/wp\/v2\/posts"}],"about":[{"href":"https:\/\/emlaktuel.com\/index.php?rest_route=\/wp\/v2\/types\/post"}],"author":[{"embeddable":true,"href":"https:\/\/emlaktuel.com\/index.php?rest_route=\/wp\/v2\/users\/1"}],"replies":[{"embeddable":true,"href":"https:\/\/emlaktuel.com\/index.php?rest_route=%2Fwp%2Fv2%2Fcomments&post=10101"}],"version-history":[{"count":1,"href":"https:\/\/emlaktuel.com\/index.php?rest_route=\/wp\/v2\/posts\/10101\/revisions"}],"predecessor-version":[{"id":10105,"href":"https:\/\/emlaktuel.com\/index.php?rest_route=\/wp\/v2\/posts\/10101\/revisions\/10105"}],"wp:featuredmedia":[{"embeddable":true,"href":"https:\/\/emlaktuel.com\/index.php?rest_route=\/wp\/v2\/media\/10104"}],"wp:attachment":[{"href":"https:\/\/emlaktuel.com\/index.php?rest_route=%2Fwp%2Fv2%2Fmedia&parent=10101"}],"wp:term":[{"taxonomy":"category","embeddable":true,"href":"https:\/\/emlaktuel.com\/index.php?rest_route=%2Fwp%2Fv2%2Fcategories&post=10101"},{"taxonomy":"post_tag","embeddable":true,"href":"https:\/\/emlaktuel.com\/index.php?rest_route=%2Fwp%2Fv2%2Ftags&post=10101"}],"curies":[{"name":"wp","href":"https:\/\/api.w.org\/{rel}","templated":true}]}}