{"id":10064,"date":"2017-01-09T23:16:11","date_gmt":"2017-01-09T20:16:11","guid":{"rendered":"http:\/\/emlaktuel.com\/?p=10064"},"modified":"2018-07-05T15:43:47","modified_gmt":"2018-07-05T12:43:47","slug":"divan-residence-at-g-towerda-metro-istasyonu-evinizin-altina-geliyor","status":"publish","type":"post","link":"https:\/\/emlaktuel.com\/?p=10064","title":{"rendered":"Divan Residence at G Tower&#8217;da metro istasyonu evinizin alt\u0131na geliyor"},"content":{"rendered":"<div>\n<div id=\"haberdetaybaslik\">\n<h1><img loading=\"lazy\" class=\"alignnone size-medium wp-image-10065\" src=\"http:\/\/emlaktuel.com\/wp-content\/uploads\/2017\/01\/gtower-bagcilar-300x173.jpg\" alt=\"gtower-bagcilar\" width=\"300\" height=\"173\" \/><\/h1>\n<h1>Divan Residence at G Tower projesi bug\u00fcnk\u00fc gibi so\u011fuk ve karl\u0131 havalarda \u00f6zellikle oturmak isteyece\u011finiz bir imkan sa\u011fl\u0131yor. Projenin alt\u0131nda metro istasyonu yer al\u0131yor.<\/h1>\n<div><\/div>\n<\/div>\n<\/div>\n<div>\n<p><span style=\"color: #2e2e2e;\"><strong><a href=\"http:\/\/emlaktuel.com\/?s=Divan+G+Tower\">Divan G Tower<\/a> \u00f6zellikle bug\u00fcnk\u00fc gibi havalarda de\u011feri daha iyi anla\u015f\u0131lan bir proje projili \u00e7iziyor. \u00c7\u00fcnk\u00fc <a href=\"http:\/\/emlaktuel.com\/?s=Divan+G+Tower\">Divan Residence at G Tower<\/a>&#8216;dan hi\u00e7 d\u0131\u015far\u0131 \u00e7\u0131kmadan hemen alt\u0131ndaki metro istasyonuna ula\u015f\u0131p, diledi\u011finiz yere gitme imkan\u0131 sunuluyor. Mar Yap\u0131\u00a0<\/strong>ile<strong>\u00a0Divan Grup <\/strong>gibi iki\u00a0dev markan\u0131n \u0130stanbul G\u00fcne\u015fli Bas\u0131n Ekspres yolundaki\u00a0<strong>Divan Residence at G Tower projesinde<\/strong>\u00a0yani metro aya\u011f\u0131n\u0131za geliyor.<\/p>\n<p><strong>G Tower \u00f6zellikleri<br \/>\n<a href=\"http:\/\/emlaktuel.com\/?s=Divan+G+Tower\">Mar Yap\u0131<\/a> ve <a href=\"http:\/\/emlaktuel.com\/?s=Divan+G+Tower\">Divan Grup<\/a> imzas\u0131 ta\u015f\u0131yan <a href=\"http:\/\/emlaktuel.com\/?s=Divan+G+Tower\">Divan Residence at G Tower<\/a> projesi tek blokta 380&#8217;i 1+1 olmak \u00fczere 432 konuttan meydana geliyor.\u00a0<\/strong>Projenin genelini kapsayan\u00a0<strong>1+1 tipinde daireler 61 metrekare b\u00fcy\u00fckl\u00fc\u011f\u00fcnde\u00a0<\/strong>bulunuyor.\u00a0<strong>Divan\u00a0<\/strong>Residence at G Tower projesinde,<strong>\u00a01+1, 1.5+1 ve 2+1 daire se\u00e7enleri\u00a0<\/strong>yer al\u0131yor. Tavan y\u00fcksekli\u011fi net\u00a0<strong>3.10 cm olan dairelerde balkon alanlar\u0131 da bulunuyor. Metrekare sat\u0131\u015f fiyatlar\u0131\u00a05 bin 500<\/strong>\u00a0liradan ba\u015fl\u0131yor.\u00a0<strong>Teslim tarihi ise Eyl\u00fcl 2018 olarak\u00a0<\/strong>planlan\u0131yor.<br \/>\n<img src=\"http:\/\/www.emlakdream.com\/images\/image\/divan.jpg\" alt=\"\" \/><br \/>\n<strong>G Tower&#8217;da otel konforu<\/strong><br \/>\nProjede konfor ve kalite \u00f6n planda tutuluyor. Otel konforundaki rezidans hizmetlerinin sa\u011flanmas\u0131 hedefleniyor.\u00a0<strong>Sosyal olanaklar a\u00e7\u0131s\u0131ndan y\u00fczme havuzu, kapal\u0131 otopark, toplant\u0131 odalar\u0131, \u00e7ocuklar i\u00e7in oyun parklar\u0131, dan\u0131\u015fma hizmetleri, 3 bin metrekare kapal\u0131 alanda hizmet veren Boost<\/strong>\u00a0ile ya\u015fam kalitesini art\u0131rma ama\u00e7lan\u0131yor.<br \/>\n<img src=\"http:\/\/www.emlakdream.com\/images\/image\/divan-gunesli.jpg\" alt=\"\" \/><br \/>\n<strong>Lokasyon<\/strong><br \/>\nBas\u0131n Ekspres Yolu \u00fczerinde bulunan\u00a0<strong>Divan Residence at G Tower&#8217;dan asans\u00f6rle metroya inme imkan\u0131 sunuluyor.\u00a0<\/strong>Projenin lokasyonu TEM ve E5\u2019i birle\u015ftiren konumda yer al\u0131yor. Bu b\u00f6lgenin de\u011feri deniz otob\u00fcs\u00fcne yak\u0131nl\u0131\u011f\u0131 ve metro ba\u011flant\u0131 yollar\u0131na yak\u0131nl\u0131\u011f\u0131yla her ge\u00e7en g\u00fcn art\u0131yor.<\/p>\n<p><strong>\u0130leti\u015fim<\/strong><br \/>\n<strong>Telefon:<\/strong>\u00a0444 20 25<br \/>\n<strong>Web:<\/strong>\u00a0www.gtower.com.tr<br \/>\n<\/span><\/p>\n<\/div>\n","protected":false},"excerpt":{"rendered":"<p>Divan Residence at G Tower projesi bug\u00fcnk\u00fc gibi so\u011fuk ve karl\u0131 havalarda \u00f6zellikle oturmak isteyece\u011finiz bir imkan sa\u011fl\u0131yor. Projenin alt\u0131nda metro istasyonu yer al\u0131yor. Divan G Tower \u00f6zellikle bug\u00fcnk\u00fc gibi havalarda de\u011feri daha iyi anla\u015f\u0131lan bir proje projili \u00e7iziyor. \u00c7\u00fcnk\u00fc Divan Residence at G Tower&#8216;dan hi\u00e7 d\u0131\u015far\u0131 \u00e7\u0131kmadan hemen alt\u0131ndaki metro istasyonuna ula\u015f\u0131p, diledi\u011finiz yere [&hellip;]<\/p>\n","protected":false},"author":1,"featured_media":10065,"comment_status":"open","ping_status":"open","sticky":false,"template":"","format":"standard","meta":{"ngg_post_thumbnail":0},"categories":[5219,97,5388],"tags":[8426,4214,6131,6133,6132,11619,894,11395,11225,11151,4518,11173],"_links":{"self":[{"href":"https:\/\/emlaktuel.com\/index.php?rest_route=\/wp\/v2\/posts\/10064"}],"collection":[{"href":"https:\/\/emlaktuel.com\/index.php?rest_route=\/wp\/v2\/posts"}],"about":[{"href":"https:\/\/emlaktuel.com\/index.php?rest_route=\/wp\/v2\/types\/post"}],"author":[{"embeddable":true,"href":"https:\/\/emlaktuel.com\/index.php?rest_route=\/wp\/v2\/users\/1"}],"replies":[{"embeddable":true,"href":"https:\/\/emlaktuel.com\/index.php?rest_route=%2Fwp%2Fv2%2Fcomments&post=10064"}],"version-history":[{"count":1,"href":"https:\/\/emlaktuel.com\/index.php?rest_route=\/wp\/v2\/posts\/10064\/revisions"}],"predecessor-version":[{"id":10066,"href":"https:\/\/emlaktuel.com\/index.php?rest_route=\/wp\/v2\/posts\/10064\/revisions\/10066"}],"wp:featuredmedia":[{"embeddable":true,"href":"https:\/\/emlaktuel.com\/index.php?rest_route=\/wp\/v2\/media\/10065"}],"wp:attachment":[{"href":"https:\/\/emlaktuel.com\/index.php?rest_route=%2Fwp%2Fv2%2Fmedia&parent=10064"}],"wp:term":[{"taxonomy":"category","embeddable":true,"href":"https:\/\/emlaktuel.com\/index.php?rest_route=%2Fwp%2Fv2%2Fcategories&post=10064"},{"taxonomy":"post_tag","embeddable":true,"href":"https:\/\/emlaktuel.com\/index.php?rest_route=%2Fwp%2Fv2%2Ftags&post=10064"}],"curies":[{"name":"wp","href":"https:\/\/api.w.org\/{rel}","templated":true}]}}