{"id":10053,"date":"2017-01-09T22:53:28","date_gmt":"2017-01-09T19:53:28","guid":{"rendered":"http:\/\/emlaktuel.com\/?p=10053"},"modified":"2018-07-05T15:43:41","modified_gmt":"2018-07-05T12:43:41","slug":"iste-10-ocak-sali-gunu-okullarin-tatil-oldugu-iller","status":"publish","type":"post","link":"https:\/\/emlaktuel.com\/?p=10053","title":{"rendered":"\u0130\u015fte 10 Ocak sal\u0131 g\u00fcn\u00fc okullar\u0131n tatil oldu\u011fu iller"},"content":{"rendered":"<h2><img loading=\"lazy\" class=\"alignnone size-medium wp-image-10054\" src=\"http:\/\/emlaktuel.com\/wp-content\/uploads\/2017\/01\/okul-tatil-300x150.jpg\" alt=\"okul-tatil\" width=\"300\" height=\"150\" \/><\/h2>\n<h2>\u0130stanbul\u2019da okullar tatil!<\/h2>\n<p>Vali \u015eahin\u2019in a\u00e7\u0131klamas\u0131nda \u015fu ifadelere yer verildi: \u201cHerhangi bir s\u0131k\u0131nt\u0131 veya ma\u011fduriyetle kar\u015f\u0131la\u015f\u0131lmamas\u0131 i\u00e7in tedbir amac\u0131yla t\u00fcm resmi ve \u00f6zel kre\u015f, anaokulu, ilkokul, ortaokul ve liselerde; g\u00fcnd\u00fcz bak\u0131mevleri, \u00e7ocuk kul\u00fcpleri, \u00d6zel E\u011fitim ve Rehabilitasyon Merkezleri, Rehberlik Ara\u015ft\u0131rma Merkezleri ile Halk E\u011fitim Merkezlerinde e\u011fitim ve \u00f6\u011fretim faaliyetlerine 10 Ocak 2017 Sal\u0131 g\u00fcn\u00fc (1 g\u00fcn) s\u00fcre ile ara verilmesi uygun g\u00f6r\u00fclm\u00fc\u015ft\u00fcr.\u201d<\/p>\n<p>Vali \u015eahin a\u00e7\u0131klamas\u0131nda ayr\u0131ca, ayn\u0131 g\u00fcn kamu kurum ve kurulu\u015flar\u0131nda \u00e7al\u0131\u015fan engelli personel ile hamile \u00e7al\u0131\u015fanlar\u0131n da idari izinli say\u0131laca\u011f\u0131n\u0131 hat\u0131rlatt\u0131.<\/p>\n<p><em>Marmara, \u0130stanbul Teknik, Mimar Sinan G\u00fczel Sanatlar ve \u0130stanbul Medeniyet<strong> \u00fcniversitelerinin<\/strong><\/em> rekt\u00f6rl\u00fcklerinden yap\u0131lan a\u00e7\u0131klamalarda, e\u011fitim-\u00f6\u011fretime 1 g\u00fcn s\u00fcreyle ara verildi\u011fi duyuruldu.<\/p>\n<h2>\u0130\u015eTE OKULLARIN TAT\u0130L OLDU\u011eU D\u0130\u011eER \u0130LLER<\/h2>\n<p>&nbsp;<\/p>\n<p><strong>YALOVA\u2019DA OKULLAR YARIN DA TAT\u0130L<\/strong><\/p>\n<p>Valilik a\u00e7\u0131klamas\u0131nda, \u201cOlumsuz hava \u015fartlar\u0131n\u0131n devam etmesi ve yo\u011fun buzlanma nedeniyle, ilimiz genelinde t\u00fcm anaokullar\u0131, ilk ve ortaokullar ile liselerde 10 Ocak 2017 Sal\u0131 g\u00fcn\u00fc bir g\u00fcn s\u00fcre ile e\u011fitim ve \u00f6\u011fretime ara verilmesi uygun g\u00f6r\u00fclm\u00fc\u015ft\u00fcr. Ayn\u0131 g\u00fcn kamu kurum<\/p>\n<p>ve kurulu\u015flarda \u00e7al\u0131\u015fan engelli personel ile hamile personel idari izinli say\u0131lacaklard\u0131r\u201d denildi.<\/p>\n<p><strong>\u00c7ANAKKALE\u2019DEN DE TAT\u0130L HABER\u0130 GELD\u0130<\/strong><\/p>\n<p>\u00c7anakkale\u2019de t\u00fcm okullar sal\u0131 g\u00fcn\u00fc tatil edildi.<\/p>\n<p>\u00c7anakkale Valili\u011fi\u2019nden yap\u0131lan duyuruda, \u201cOlumsuz hava \u015fartlar\u0131 (kar-buzlanma) nedeniyle merkez, \u00c7an, Lapseki, Ezine, Eceabat, Biga, Yenice, Bayrami\u00e7, Ayvac\u0131k, Gelibolu, Bozcaada, G\u00f6k\u00e7eada\u2019da Milli E\u011fitim M\u00fcd\u00fcrl\u00fc\u011f\u00fcne ba\u011fl\u0131 t\u00fcm \u00f6zel-resmi okullar ve kurumlar, 10.01.2017 tarihinde bir g\u00fcn s\u00fcreyle tatil edilmi\u015ftir\u201d denildi.<\/p>\n<p>&nbsp;<\/p>\n<p><em><strong>TRAKYA\u2019DA OKULLAR TAT\u0130L<\/strong><\/em><\/p>\n<p>Edirne, Tekirda\u011f ve K\u0131rklareli valilikleri elveri\u015fsiz hava ko\u015fullar\u0131 nedeniyle ilk ve orta dereceli okullarda yar\u0131n e\u011fitime ara verildi\u011fini a\u00e7\u0131klad\u0131.<\/p>\n<p><strong>Edirne<\/strong> Valili\u011fi\u2019nden yap\u0131lan a\u00e7\u0131klamada, \u201c\u0130limizde ya\u015fanmakta olan elveri\u015fsiz hava \u015fartlar\u0131, bu duruma ba\u011fl\u0131 k\u00f6t\u00fc yol ko\u015fullar\u0131 ve meteorolojik bilgilere g\u00f6re kar ya\u011f\u0131\u015f\u0131 beklenmesi nedeniyle merkez ve il\u00e7elerde resmi, \u00f6zel ilk\u00f6\u011fretim ve orta \u00f6\u011fretim okullar\u0131 ve kurumlar\u0131nda valilik karar\u0131 ile 10.01. 2017 Sal\u0131 g\u00fcn\u00fc e\u011fitim \u00f6\u011fretime 1 g\u00fcn ara verilmi\u015ftir. Kamu kurum ve kurulu\u015flar\u0131nda g\u00f6rev yapan engelli ve hamile personelde 10.01.2017 Sal\u0131 g\u00fcn\u00fc idari izinli say\u0131lacakt\u0131r\u201d denildi.<\/p>\n<p><strong>K\u0131rklareli<\/strong> Valili\u011fi\u2019nden yap\u0131lan a\u00e7\u0131klamada ise, \u201c10 Ocak Sal\u0131 g\u00fcn\u00fc K\u0131rklareli merkez ve il\u00e7elerinde Milli E\u011fitim M\u00fcd\u00fcrl\u00fc\u011f\u00fc\u2019ne ba\u011fl\u0131 t\u00fcm \u00f6zel ve resmi e\u011fitim kurumlar\u0131nda e\u011fitim ve \u00f6\u011fretime 1 g\u00fcn ara verilmi\u015ftir. Ayr\u0131ca kamu \u00e7al\u0131\u015fan\u0131 engelli ve hamile personellerde ayn\u0131 idari izinlidir\u201d denildi.<\/p>\n<p><strong>Tekirda\u011f<\/strong> Valili\u011fi\u2019nden yap\u0131lan a\u00e7\u0131klamada, \u201cOlumsuz hava ko\u015fullar\u0131 nedeniyle 10.01.2017 tarihinde Tekirda\u011f ili genelinde resmi ve \u00f6zel t\u00fcm ilk ve orta dereceli okullar 1 g\u00fcn s\u00fcre ile tatil edilmi\u015ftir. Hamile ve engelli kamu g\u00f6revlileri idari izinli say\u0131lacakt\u0131r\u201d denildi.<\/p>\n<p>&nbsp;<\/p>\n<p><strong>KOCAEL\u0130\u2019DE E\u011e\u0130T\u0130ME KAR ENGEL\u0130<\/strong><\/p>\n<p>Kocaeli\u2019de olumsuz hava ko\u015fullar\u0131 nedeniyle yar\u0131n okullar tatil edildi.<\/p>\n<p>Kocaeli Valisi Hasan Basri G\u00fczelo\u011flu twitter \u00fczerinden a\u00e7\u0131klama yaparak yar\u0131n okullar\u0131n tatil oldu\u011funu a\u00e7\u0131klad\u0131. Vali G\u00fczelo\u011flu, \u201cOlumsuz hava ko\u015fullar\u0131n\u0131n devam etmesi ve a\u015f\u0131r\u0131 buzlanma nedeniyle ilimiz genelinde e\u011fitim-\u00f6\u011fretime 10 Ocak 2017 Sal\u0131 g\u00fcn\u00fc ara verilmi\u015ftir. Engelli ve hamile kamu personeline de idari izin verilmi\u015ftir\u201d payla\u015f\u0131m\u0131nda bulundu.<\/p>\n<p>&nbsp;<\/p>\n<p>B<strong>ALIKES\u0130R \u0130L\u0130\u00a0<em>BAZI \u0130L\u00c7ELER\u0130NDE<\/em> OKULLAR TAT\u0130L ED\u0130LD\u0130<\/strong><\/p>\n<p>Bal\u0131kesir\u2019in <strong>Band\u0131rma ve G\u00f6nen<\/strong> \u0130l\u00e7elerinde, 10 Ocak Sal\u0131 g\u00fcn\u00fc anaokulu, ilk ve ortaokullar ile liseler tatil edildi.<\/p>\n<p>Bal\u0131kesir\u2019in <strong>Dursunbey<\/strong> il\u00e7esinde de ilkokul, ortaokul ve liselerde 10 Ocak Sal\u0131 g\u00fcn\u00fc e\u011fitime bir g\u00fcn s\u00fcre ile ara verildi.<\/p>\n<p>Dursunbey \u0130l\u00e7e Milli E\u011fitim M\u00fcd\u00fcrl\u00fc\u011f\u00fc\u2019nden yap\u0131lan a\u00e7\u0131klamada, \u201cDevam eden olumsuz hava \u015fartlar\u0131yla birlikte ortaya \u00e7\u0131kan a\u015f\u0131r\u0131 buzlanma ve yar\u0131n beklenen kar ya\u011f\u0131\u015f\u0131 \u00fczerine okullar 10\/01\/17 Sal\u0131 g\u00fcn\u00fc tatil edilmi\u015ftir\u201d denildi.<\/p>\n<p>&nbsp;<\/p>\n<p><strong>TOKAT\u2019TA E\u011e\u0130T\u0130ME\u00a0KAR MOLASI<\/strong><\/p>\n<p>Tokat il merkezi ve t\u00fcm il\u00e7elerinde devam eden yo\u011fun kar ya\u011f\u0131\u015f\u0131 nedeniyle ilk ve orta dereceli okullarda kar tatili bir g\u00fcn daha uzat\u0131ld\u0131. Tokat \u0130l Milli E\u011fitim M\u00fcd\u00fcr\u00fc Levent Yaz\u0131c\u0131, il genelinde ilk ve orta dereceli okullar\u0131n 1 g\u00fcn s\u00fcre ile tatil edildi\u011fini s\u00f6yledi. \u0130l genelinde aral\u0131klarla devam eden kar ya\u011f\u0131\u015f\u0131 nedeniyle kar tatili bir g\u00fcn s\u00fcre ile uzat\u0131l\u0131rken, Tokat Valili\u011fi taraf\u0131ndan kamu kurum ve kurulu\u015flar\u0131nda \u00e7al\u0131\u015fan engelli ve hamile personelin de idari izinli say\u0131laca\u011f\u0131 bildirildi.<\/p>\n<p>&nbsp;<\/p>\n<p><strong>SAKARYA\u2019DA <em>BAZI \u0130L\u00c7ELERDE<\/em> KAR TAT\u0130L\u0130<\/strong><\/p>\n<p>Sakarya\u2019da yo\u011fun kar ya\u011f\u0131\u015f\u0131 sonras\u0131nda 3 il\u00e7ede okullar tatil edildi.<\/p>\n<p>Sakarya\u2019da Cuma gecesinden itibaren etkili olan kar ya\u011f\u0131\u015f\u0131 sonras\u0131nda <strong>Karasu, Kaynarca ve Kocaali<\/strong> il\u00e7elerinde okullar 10 Ocak Sal\u0131 g\u00fcn\u00fc 1 g\u00fcn daha tatil edildi\u011fi a\u00e7\u0131kland\u0131.<\/p>\n<p>&nbsp;<\/p>\n","protected":false},"excerpt":{"rendered":"<p>\u0130stanbul\u2019da okullar tatil! Vali \u015eahin\u2019in a\u00e7\u0131klamas\u0131nda \u015fu ifadelere yer verildi: \u201cHerhangi bir s\u0131k\u0131nt\u0131 veya ma\u011fduriyetle kar\u015f\u0131la\u015f\u0131lmamas\u0131 i\u00e7in tedbir amac\u0131yla t\u00fcm resmi ve \u00f6zel kre\u015f, anaokulu, ilkokul, ortaokul ve liselerde; g\u00fcnd\u00fcz bak\u0131mevleri, \u00e7ocuk kul\u00fcpleri, \u00d6zel E\u011fitim ve Rehabilitasyon Merkezleri, Rehberlik Ara\u015ft\u0131rma Merkezleri ile Halk E\u011fitim Merkezlerinde e\u011fitim ve \u00f6\u011fretim faaliyetlerine 10 Ocak 2017 Sal\u0131 g\u00fcn\u00fc (1 [&hellip;]<\/p>\n","protected":false},"author":1,"featured_media":10054,"comment_status":"open","ping_status":"open","sticky":false,"template":"","format":"standard","meta":{"ngg_post_thumbnail":0},"categories":[26,97,5388],"tags":[11439,3597,73,11372,11530,6129,6128],"_links":{"self":[{"href":"https:\/\/emlaktuel.com\/index.php?rest_route=\/wp\/v2\/posts\/10053"}],"collection":[{"href":"https:\/\/emlaktuel.com\/index.php?rest_route=\/wp\/v2\/posts"}],"about":[{"href":"https:\/\/emlaktuel.com\/index.php?rest_route=\/wp\/v2\/types\/post"}],"author":[{"embeddable":true,"href":"https:\/\/emlaktuel.com\/index.php?rest_route=\/wp\/v2\/users\/1"}],"replies":[{"embeddable":true,"href":"https:\/\/emlaktuel.com\/index.php?rest_route=%2Fwp%2Fv2%2Fcomments&post=10053"}],"version-history":[{"count":1,"href":"https:\/\/emlaktuel.com\/index.php?rest_route=\/wp\/v2\/posts\/10053\/revisions"}],"predecessor-version":[{"id":10055,"href":"https:\/\/emlaktuel.com\/index.php?rest_route=\/wp\/v2\/posts\/10053\/revisions\/10055"}],"wp:featuredmedia":[{"embeddable":true,"href":"https:\/\/emlaktuel.com\/index.php?rest_route=\/wp\/v2\/media\/10054"}],"wp:attachment":[{"href":"https:\/\/emlaktuel.com\/index.php?rest_route=%2Fwp%2Fv2%2Fmedia&parent=10053"}],"wp:term":[{"taxonomy":"category","embeddable":true,"href":"https:\/\/emlaktuel.com\/index.php?rest_route=%2Fwp%2Fv2%2Fcategories&post=10053"},{"taxonomy":"post_tag","embeddable":true,"href":"https:\/\/emlaktuel.com\/index.php?rest_route=%2Fwp%2Fv2%2Ftags&post=10053"}],"curies":[{"name":"wp","href":"https:\/\/api.w.org\/{rel}","templated":true}]}}