{"id":10044,"date":"2017-01-09T16:06:44","date_gmt":"2017-01-09T13:06:44","guid":{"rendered":"http:\/\/emlaktuel.com\/?p=10044"},"modified":"2018-07-05T15:43:38","modified_gmt":"2018-07-05T12:43:38","slug":"son-dakika-mehmet-ekici-trabzonspora-ayrilmak-istedigini-bildirdi","status":"publish","type":"post","link":"https:\/\/emlaktuel.com\/?p=10044","title":{"rendered":"Son dakika: Mehmet Ekici, Trabzonspor&#8217;a ayr\u0131lmak istedi\u011fini bildirdi"},"content":{"rendered":"<p><img loading=\"lazy\" class=\"alignnone size-medium wp-image-10045\" src=\"http:\/\/emlaktuel.com\/wp-content\/uploads\/2017\/01\/5_hd1-1-300x159.jpg\" alt=\"5_hd1\" width=\"300\" height=\"159\" \/><\/p>\n<div class=\"txt\">\n<div class=\"txtIn\">\n<article id=\"contextual\" class=\"selectionShareable\">Trabzonspor&#8217;da Be\u015fikta\u015f ve Fenerbah\u00e7e&#8217;ye transferi g\u00fcndemde olan ancak transfer belirsizli\u011fi devam eden Mehmet Ekici&#8217;nin Ba\u015fkan Muharrem Usta ile g\u00f6r\u00fc\u015ferek kul\u00fcb\u00fcn \u00e7\u0131karlar\u0131 do\u011frultusunda hareket etmeye haz\u0131r oldu\u011funu iletti\u011fi \u00f6\u011frenildi.<\/article>\n<article class=\"selectionShareable\"><strong>KUL\u00dcB\u00dcN \u00c7IKARLARI \u00d6N PLANDA TUTULACAK <\/strong><\/p>\n<p>Ekici&#8217;nin yap\u0131lan g\u00f6r\u00fc\u015fmede transfer s\u00fcrecinde Trabzonspor&#8217;un \u00e7\u0131karlar\u0131 neyi gerektiriyorsa ona hizmet etmeye haz\u0131r oldu\u011funu iletti\u011fi de ifade edildi.<\/p>\n<p>BA\u015eKAN USTA B\u0130ZZAT DEVREDE<\/p>\n<p>26 ya\u015f\u0131ndaki futbolcunun transfer s\u00fcrecinde menajerleri araya sokmadan Trabzonspor y\u00f6netimiyle bizzat konu\u015farak hareket etmesi dikkat \u00e7ekerken, Ba\u015fkan Usta&#8217;n\u0131n yap\u0131lan g\u00f6r\u00fc\u015fmelerde transfer belirsizli\u011fini ortadan kald\u0131rmak i\u00e7in \u00e7al\u0131\u015ft\u0131klar\u0131n\u0131 Ekici&#8217;ye bildirdi\u011fi kaydedildi.<\/p>\n<p><strong>AYRILMAK \u0130STED\u0130\u011e\u0130N\u0130 B\u0130LD\u0130RD\u0130<\/strong><\/p>\n<p>Be\u015fikta\u015f ve Fenerbah\u00e7e&#8217;ye transferi g\u00fcndemde olan Ekici&#8217;nin, Ba\u015fkan Muharrem Usta ile yeniden bir araya geldi\u011fi ve ayr\u0131lmak y\u00f6n\u00fcndeki istedi\u011fini bir kez daha yineledi\u011fi belirtildi.<\/p>\n<p><strong>RODALLEGA&#8217;NIN MENAJER\u0130 BEKLEN\u0130YOR <\/strong><\/p>\n<p>Bu arada, Trabzonspor&#8217;un kadrosuna katmak i\u00e7in g\u00f6r\u00fc\u015fmeleri s\u00fcrd\u00fcrd\u00fc\u011f\u00fc forvet oyuncusu Hugo Rodallega&#8217;n\u0131n menajeri bekleniyor. Akhisar Belediyespor ile oyuncunun transferi konusunda Mustafa Yumlu&#8217;nun yan\u0131 s\u0131ra bir miktar para kar\u015f\u0131l\u0131\u011f\u0131nda el s\u0131k\u0131\u015fan bordo mavili y\u00f6netim, oyuncunun menajeriyle de yap\u0131lacak g\u00f6r\u00fc\u015fmenin ard\u0131ndan bu transferi netle\u015ftirecek. Trabzonspor&#8217;un bu transferde takas olarak kullanaca\u011f\u0131 Mustafa Yumlu&#8217;nun da Akhisar Belediyespor ile bir g\u00f6r\u00fc\u015fme yapaca\u011f\u0131 \u00f6\u011frenildi.<\/p>\n<p><strong>TAKIM TAKT\u0130K \u00c7ALI\u015eTI <\/strong><\/p>\n<p>Antalya&#8217;n\u0131n Belek il\u00e7esinde devre aras\u0131 kamp \u00e7al\u0131\u015fmalar\u0131n\u0131 s\u00fcrd\u00fcren Trabzonspor, bug\u00fcn saat 11.00&#8217;de yapt\u0131\u011f\u0131 antrenmanla \u00e7al\u0131\u015fmalar\u0131na devam etti. Teknik direkt\u00f6r Ersun Yanal y\u00f6netiminde kamp yap\u0131lan otelin sahas\u0131nda ilk b\u00f6l\u00fcm\u00fc bas\u0131na a\u00e7\u0131k olarak ger\u00e7ekle\u015ftirilen antrenmanda taktik a\u011f\u0131rl\u0131kl\u0131 \u00e7al\u0131\u015fmalara yer verildi. Antrenmanda Afrika Uluslar Kupas\u0131&#8217;nda m\u00fccadele eden Akakpo, salonda \u00e7al\u0131\u015fan Durica ve ameliyat olan Bero yer almad\u0131.<\/p>\n<\/article>\n<\/div>\n<\/div>\n","protected":false},"excerpt":{"rendered":"<p>Trabzonspor&#8217;da Be\u015fikta\u015f ve Fenerbah\u00e7e&#8217;ye transferi g\u00fcndemde olan ancak transfer belirsizli\u011fi devam eden Mehmet Ekici&#8217;nin Ba\u015fkan Muharrem Usta ile g\u00f6r\u00fc\u015ferek kul\u00fcb\u00fcn \u00e7\u0131karlar\u0131 do\u011frultusunda hareket etmeye haz\u0131r oldu\u011funu iletti\u011fi \u00f6\u011frenildi. KUL\u00dcB\u00dcN \u00c7IKARLARI \u00d6N PLANDA TUTULACAK Ekici&#8217;nin yap\u0131lan g\u00f6r\u00fc\u015fmede transfer s\u00fcrecinde Trabzonspor&#8217;un \u00e7\u0131karlar\u0131 neyi gerektiriyorsa ona hizmet etmeye haz\u0131r oldu\u011funu iletti\u011fi de ifade edildi. BA\u015eKAN USTA B\u0130ZZAT DEVREDE [&hellip;]<\/p>\n","protected":false},"author":1,"featured_media":10045,"comment_status":"open","ping_status":"open","sticky":false,"template":"","format":"standard","meta":{"ngg_post_thumbnail":0},"categories":[5214],"tags":[11558,218,300,6125,11336,11622],"_links":{"self":[{"href":"https:\/\/emlaktuel.com\/index.php?rest_route=\/wp\/v2\/posts\/10044"}],"collection":[{"href":"https:\/\/emlaktuel.com\/index.php?rest_route=\/wp\/v2\/posts"}],"about":[{"href":"https:\/\/emlaktuel.com\/index.php?rest_route=\/wp\/v2\/types\/post"}],"author":[{"embeddable":true,"href":"https:\/\/emlaktuel.com\/index.php?rest_route=\/wp\/v2\/users\/1"}],"replies":[{"embeddable":true,"href":"https:\/\/emlaktuel.com\/index.php?rest_route=%2Fwp%2Fv2%2Fcomments&post=10044"}],"version-history":[{"count":3,"href":"https:\/\/emlaktuel.com\/index.php?rest_route=\/wp\/v2\/posts\/10044\/revisions"}],"predecessor-version":[{"id":10048,"href":"https:\/\/emlaktuel.com\/index.php?rest_route=\/wp\/v2\/posts\/10044\/revisions\/10048"}],"wp:featuredmedia":[{"embeddable":true,"href":"https:\/\/emlaktuel.com\/index.php?rest_route=\/wp\/v2\/media\/10045"}],"wp:attachment":[{"href":"https:\/\/emlaktuel.com\/index.php?rest_route=%2Fwp%2Fv2%2Fmedia&parent=10044"}],"wp:term":[{"taxonomy":"category","embeddable":true,"href":"https:\/\/emlaktuel.com\/index.php?rest_route=%2Fwp%2Fv2%2Fcategories&post=10044"},{"taxonomy":"post_tag","embeddable":true,"href":"https:\/\/emlaktuel.com\/index.php?rest_route=%2Fwp%2Fv2%2Ftags&post=10044"}],"curies":[{"name":"wp","href":"https:\/\/api.w.org\/{rel}","templated":true}]}}