{"id":10036,"date":"2017-01-09T13:19:17","date_gmt":"2017-01-09T10:19:17","guid":{"rendered":"http:\/\/emlaktuel.com\/?p=10036"},"modified":"2018-07-05T15:43:32","modified_gmt":"2018-07-05T12:43:32","slug":"dolartl-yeni-haftaya-nasil-basladi-1-dolar-kac-tl-oldu","status":"publish","type":"post","link":"https:\/\/emlaktuel.com\/?p=10036","title":{"rendered":"Dolar&#038;TL yeni haftaya nas\u0131l ba\u015flad\u0131? 1 Dolar ka\u00e7 TL oldu?"},"content":{"rendered":"<div class=\"mb10\">\n<h1 class=\"news-title\"><img loading=\"lazy\" class=\"alignnone size-medium wp-image-10037\" src=\"http:\/\/emlaktuel.com\/wp-content\/uploads\/2017\/01\/dolar-ve-euro-fiyati-ne-kadar-7942743-300x168.jpg\" alt=\"dolar-ve-euro-fiyati-ne-kadar-7942743\" width=\"300\" height=\"168\" \/><\/h1>\n<div class=\"text_post_block paddingt\">\n<h2>Dolar&amp;TL yeni haftan\u0131n ilk i\u015flem g\u00fcn\u00fcnde H\u00fck\u00fcmetin uygulamaya koydu\u011fu 3 yeni KHK sonras\u0131 al\u0131nan yeni kararlar kapsam\u0131nda Ba\u015fbakan Y\u0131ld\u0131r\u0131m&#8217;\u0131n a\u00e7\u0131klamalar\u0131 sonras\u0131nda dolar\/TL kar\u015f\u0131s\u0131nda ne durumda? Yeni g\u00fcne dolar serbest piyasada ka\u00e7 liradan i\u015flem g\u00f6rmeye ba\u015flad\u0131.<\/h2>\n<\/div>\n<\/div>\n<div id=\"detailBody\" class=\"detailp\"><\/div>\n<p><strong>Dolar\/TL bu sabah 9 Ocak 2017 Pazartesi\u00a0g\u00fcn\u00fc haftan\u0131n son i\u015flem gn\u00fcnde ka\u00e7 TL&#8217;den i\u015fleme ba\u015flad\u0131? Piyasalar son KHK kararlar\u0131 sonras\u0131nda g\u00f6zler bug\u00fcn olu\u015facak d\u00f6viz piyasalar\u0131ndaki seyire odakland\u0131.<\/strong><\/p>\n<p>&nbsp;<\/p>\n<p>Kanun H\u00fckm\u00fcnde Kararname (KHK) kapsam\u0131nda 3 yeni KHK ile haftasonu a\u00e7\u0131klanan yeni kararname sonras\u0131nda haftan\u0131n ilk i\u015flem g\u00fcn\u00fc olan bu sabah Pazartesi g\u00fcn\u00fc\u00a0bug\u00fcnk\u00fc a\u00e7\u0131l\u0131\u015fta dolar TL kar\u015f\u0131s\u0131nda ka\u00e7 lira oldu? Dolar fiyatlar\u0131 g\u00fcn i\u00e7erisinde d\u00fc\u015fecek mi? i\u015fte dolarda son durum&#8230;<\/p>\n<p>Haftan\u0131n ilk i\u015f g\u00fcn\u00fcnde \u0130stanbul Kapal\u0131\u00e7ar\u015f\u0131&#8217;da D\u00fcn olduk\u00e7a hareketli saatler ya\u015fayan dolar\/TL yeni g\u00fcne 3.6646 seviyesinden i\u015flem g\u00f6rmeye ba\u015flad\u0131.<\/p>\n<p>9 Ocak serbset piyaslarda Dolar\/TL, 3 haftan\u0131n en y\u00fcksek seviyesi 3.66&#8217;y\u0131\u00a0g\u00f6rmesinin ard\u0131ndan, yurtd\u0131\u015f\u0131 veriler ve H\u00fck\u00fcmet taraf\u0131ndan OHAL kapsam\u0131nda al\u0131nan 3 yeni KHK ile\u00a0al\u0131nan kararlar\u0131n a\u00e7\u0131klanmas\u0131, ekonomi i\u00e7in al\u0131nan tedbirleri a\u00e7\u0131klamas\u0131n\u0131n ard\u0131ndan y\u00fckseli\u015fe ge\u00e7erek 3.66&#8217;n\u0131n\u00a0\u00fczerini g\u00f6r\u00fcrken, dolar kurunda yeni bir dalgalanma ya\u015fand\u0131\u011f\u0131 gelen haberler aras\u0131nda.<\/p>\n<p>Yeni haftan\u0131n ilk i\u015f g\u00fcn\u00fcnde a\u00e7\u0131l\u0131\u015f \u00a0itibariyle ise 3.6646 seviyelerinden bu sabah\u0131 a\u00e7an dolar g\u00fcne y\u00fckseli\u015fle ba\u015flad\u0131. G\u00fcn i\u00e7erisinde ya\u015fanacak geli\u015fmeler Dolar\/TL dengesinde nas\u0131l bir seyir izletecek ekonomi piyasalar\u0131 g\u00fcn boyu dolar\u0131 g\u00f6zleyecek.<\/p>\n<p>Di\u011fer d\u00f6viz t\u00fcr\u00fc olan Euro\/TL ise 3.8621 TL&#8217;den g\u00fcne ba\u015flarken, \u00a0\u015fu saat itibariyle serbest piyasalarda i\u015flem g\u00f6rmeye devam ediyor..<\/p>\n<p>\u0130ngiliz Sterlini 4.4738 TL, \u0130svi\u00e7re Frank\u0131 3.6017 TL, Suudi Arabistan iyali 0.9784 TL ve Ruble \u00a00.0617 TL olarak haftan\u0131n yeni g\u00fcn\u00fcne ba\u015flad\u0131.<\/p>\n<p><strong>Alt\u0131n Fiyatlar\u0131 \/ 9 Ocak Pazartesi<\/strong><\/p>\n<p>Gram alt\u0131n fiyatlar\u0131 138.61 TL<br \/>\n\u00c7eyrek alt\u0131n fiyat\u0131 223.85 TL<br \/>\n24 ayar alt\u0131n fiyat\u0131 138.61 TL olarak Kapal\u0131\u00e7ar\u015f\u0131da bu sabah a\u00e7\u0131l\u0131\u015f itibariyle i\u015flem g\u00f6rmeye ba\u015flad\u0131.<\/p>\n","protected":false},"excerpt":{"rendered":"<p>Dolar&amp;TL yeni haftan\u0131n ilk i\u015flem g\u00fcn\u00fcnde H\u00fck\u00fcmetin uygulamaya koydu\u011fu 3 yeni KHK sonras\u0131 al\u0131nan yeni kararlar kapsam\u0131nda Ba\u015fbakan Y\u0131ld\u0131r\u0131m&#8217;\u0131n a\u00e7\u0131klamalar\u0131 sonras\u0131nda dolar\/TL kar\u015f\u0131s\u0131nda ne durumda? Yeni g\u00fcne dolar serbest piyasada ka\u00e7 liradan i\u015flem g\u00f6rmeye ba\u015flad\u0131. Dolar\/TL bu sabah 9 Ocak 2017 Pazartesi\u00a0g\u00fcn\u00fc haftan\u0131n son i\u015flem gn\u00fcnde ka\u00e7 TL&#8217;den i\u015fleme ba\u015flad\u0131? Piyasalar son KHK kararlar\u0131 sonras\u0131nda [&hellip;]<\/p>\n","protected":false},"author":1,"featured_media":10037,"comment_status":"open","ping_status":"open","sticky":false,"template":"","format":"standard","meta":{"ngg_post_thumbnail":0},"categories":[5213],"tags":[11522,2232,5279,11165,73,11216,11194,6641],"_links":{"self":[{"href":"https:\/\/emlaktuel.com\/index.php?rest_route=\/wp\/v2\/posts\/10036"}],"collection":[{"href":"https:\/\/emlaktuel.com\/index.php?rest_route=\/wp\/v2\/posts"}],"about":[{"href":"https:\/\/emlaktuel.com\/index.php?rest_route=\/wp\/v2\/types\/post"}],"author":[{"embeddable":true,"href":"https:\/\/emlaktuel.com\/index.php?rest_route=\/wp\/v2\/users\/1"}],"replies":[{"embeddable":true,"href":"https:\/\/emlaktuel.com\/index.php?rest_route=%2Fwp%2Fv2%2Fcomments&post=10036"}],"version-history":[{"count":1,"href":"https:\/\/emlaktuel.com\/index.php?rest_route=\/wp\/v2\/posts\/10036\/revisions"}],"predecessor-version":[{"id":10038,"href":"https:\/\/emlaktuel.com\/index.php?rest_route=\/wp\/v2\/posts\/10036\/revisions\/10038"}],"wp:featuredmedia":[{"embeddable":true,"href":"https:\/\/emlaktuel.com\/index.php?rest_route=\/wp\/v2\/media\/10037"}],"wp:attachment":[{"href":"https:\/\/emlaktuel.com\/index.php?rest_route=%2Fwp%2Fv2%2Fmedia&parent=10036"}],"wp:term":[{"taxonomy":"category","embeddable":true,"href":"https:\/\/emlaktuel.com\/index.php?rest_route=%2Fwp%2Fv2%2Fcategories&post=10036"},{"taxonomy":"post_tag","embeddable":true,"href":"https:\/\/emlaktuel.com\/index.php?rest_route=%2Fwp%2Fv2%2Ftags&post=10036"}],"curies":[{"name":"wp","href":"https:\/\/api.w.org\/{rel}","templated":true}]}}