{"id":10019,"date":"2017-01-09T12:58:01","date_gmt":"2017-01-09T09:58:01","guid":{"rendered":"http:\/\/emlaktuel.com\/?p=10019"},"modified":"2018-07-05T15:43:21","modified_gmt":"2018-07-05T12:43:21","slug":"nefis-cankaya-evleriyle-kentin-icinde-bahceli-ev-yasamina-ulasin","status":"publish","type":"post","link":"https:\/\/emlaktuel.com\/?p=10019","title":{"rendered":"Nefis \u00c7ankaya Evleri\u2019yle kentin i\u00e7inde bah\u00e7eli ev ya\u015fam\u0131na ula\u015f\u0131n!"},"content":{"rendered":"<h1 class=\"news-detail-title selectionShareable\"><img loading=\"lazy\" class=\"alignnone size-medium wp-image-10020\" src=\"http:\/\/emlaktuel.com\/wp-content\/uploads\/2017\/01\/ODQ0NDM0OT-nefis-cankaya-evleriyle-kentin-icinde-bahceli-ev-yasamina-ulasin-300x192.jpg\" alt=\"odq0ndm0ot-nefis-cankaya-evleriyle-kentin-icinde-bahceli-ev-yasamina-ulasin\" width=\"300\" height=\"192\" \/><\/h1>\n<h1 class=\"news-detail-title selectionShareable\">Nefis \u00c7ankaya Evleri\u2019nde yerini alanlar tam anlam\u0131yla \u2018nefis\u2019 bir hayat\u0131n keyfini s\u00fcrecek. Farkl\u0131 konut tiplerinde toplam 209 konutun yer ald\u0131\u011f\u0131 proje, 20\u2019\u015fer katl\u0131 iki kule ve yatayda baza bloklardan olu\u015fuyor.<\/h1>\n<p>&nbsp;<\/p>\n<div class=\"clear\"><\/div>\n<div>\n<p>\u00d6zellikle k\u0131\u015f aylar\u0131nda artan hava kirlili\u011fi, kent merkezlerindeki s\u0131k\u0131\u015f\u0131k yap\u0131la\u015fmayla daha fazla hissedilirken, \u015fehir insan\u0131 \u00e7areyi kent merkezlerinden uzakta kurulan yerle\u015fim yerlerinde buluyor. Daha temiz nefes alabilmek i\u00e7in yap\u0131lan bu \u00e7aba kimi zaman kent merkezindeki ya\u015famdan kopmaya da neden olabiliyor.<\/p>\n<p>Ba\u015fkent Ankara\u2019da ise \u00c7ankaya\u2019n\u0131n nefes alma dura\u011f\u0131 \u0130mrahor Vadisi, temiz havay\u0131 kentin g\u00f6be\u011finde i\u00e7ine \u00e7ekmek isteyenlerin imdad\u0131na yeti\u015fiyor.<\/p>\n<p>\u0130mrahor Vadisi\u2019nin \u00f6n\u00fc a\u00e7\u0131k, geni\u015f alan\u0131yla kentin merkezi \u00c7ankaya\u2019daki ka\u00e7\u0131\u015f noktalar\u0131ndan oldu\u011funu an\u0131msatan YP \u0130n\u015faat Y\u00f6netim Kurulu \u00dcyesi Osman Cem \u00c7ankaya, vadinin mevsimlerin t\u00fcm renklerini ortaya \u00e7\u0131karan yap\u0131s\u0131yla g\u00f6rsel olarak da \u00f6ne \u00e7\u0131kt\u0131\u011f\u0131n\u0131 ifade etti.<\/p>\n<p>\u00c7ankaya, \u015funlar\u0131 s\u00f6yledi:<\/p>\n<p>\u201cYakla\u015f\u0131k 6,5 milyon metrekare alanda yerle\u015fik, Ankara\u2019n\u0131n g\u00f6be\u011findeki en ferah alan olarak nitelendirebilece\u011fimiz \u0130mrahor vadisi, \u00a0kent merkezi \u00c7ankaya\u2018ya kom\u015fu olmas\u0131 sebebiyle de \u00e7evresiyle her g\u00fcn de\u011ferleniyor. \u0130mrahor Vadisi i\u00e7in, Ankara\u2019n\u0131n temiz hava koridoru demek yanl\u0131\u015f olmaz. Temiz hava koridorlar\u0131, \u015fehrin d\u0131\u015f\u0131ndan kent merkezine do\u011fru uzanan ve binalarla kesintiye u\u011framayan ku\u015fakt\u0131r. \u0130mrahor Vadisi de Ankara\u2019n\u0131n kent merkezine \u00e7ok yak\u0131n konumdaki temiz hava adreslerinden biri. Yak\u0131n gelecekte Ankara\u2019n\u0131n en b\u00fcy\u00fck rekreasyon alan\u0131 olmas\u0131 planlanan \u0130mrahor Vadisi\u2019nin yap\u0131s\u0131na uygun konut projeleriyle b\u00f6lgeyi ta\u00e7land\u0131rmak gerekiyor.\u201d<\/p>\n<p>YP \u0130n\u015faat olarak, b\u00f6lgedeki 4\u2019\u00fcnc\u00fc projeleri olan Nefis \u00c7ankaya Evleri\u2019ni de \u0130mrahor Vadisi\u2019nin yap\u0131s\u0131na uyumlu \u015fekilde in\u015fa ettiklerinin alt\u0131n\u0131 \u00e7izen \u00c7ankaya, \u201cKent ya\u015fam\u0131n\u0131, ye\u015fil ve temiz havayla b\u00fct\u00fcnle\u015ftiren Nefis \u00c7ankaya Evleri\u2019nde yerini alanlar tam anlam\u0131yla \u2018nefis\u2019 bir hayat\u0131n keyfini s\u00fcrecek. Farkl\u0131 konut tiplerinde toplam 209 konutun yer ald\u0131\u011f\u0131 projemiz, 20\u2019\u015fer katl\u0131 iki kule ve yatayda baza bloklardan olu\u015fuyor. Toplam in\u015faat-imalat oran\u0131 y\u00fczde 80\u2019e ula\u015fan projemizde dileyen kuleden g\u00f6ky\u00fcz\u00fcne dokunabilir, dileyen de kentin i\u00e7inde bah\u00e7eli ev ya\u015fam\u0131na ula\u015fabilir\u201d dedi.<\/p>\n<p>Web: <a href=\"http:\/\/emlakkulisi.com\/reklamlar\/ref_haberici_Yonlendir-43_http:\/\/www.nefiscankayaevleri.com.tr\/\" target=\"_blank\" rel=\"nofollow\">http:\/\/www.nefiscankayaevleri.com.tr\/<\/a><\/p>\n<\/div>\n","protected":false},"excerpt":{"rendered":"<p>Nefis \u00c7ankaya Evleri\u2019nde yerini alanlar tam anlam\u0131yla \u2018nefis\u2019 bir hayat\u0131n keyfini s\u00fcrecek. Farkl\u0131 konut tiplerinde toplam 209 konutun yer ald\u0131\u011f\u0131 proje, 20\u2019\u015fer katl\u0131 iki kule ve yatayda baza bloklardan olu\u015fuyor. &nbsp; \u00d6zellikle k\u0131\u015f aylar\u0131nda artan hava kirlili\u011fi, kent merkezlerindeki s\u0131k\u0131\u015f\u0131k yap\u0131la\u015fmayla daha fazla hissedilirken, \u015fehir insan\u0131 \u00e7areyi kent merkezlerinden uzakta kurulan yerle\u015fim yerlerinde buluyor. Daha [&hellip;]<\/p>\n","protected":false},"author":1,"featured_media":10020,"comment_status":"open","ping_status":"open","sticky":false,"template":"","format":"standard","meta":{"ngg_post_thumbnail":0},"categories":[219,97,5388],"tags":[4423,11183,11148,1551,11130,3939,4241,11446,75],"_links":{"self":[{"href":"https:\/\/emlaktuel.com\/index.php?rest_route=\/wp\/v2\/posts\/10019"}],"collection":[{"href":"https:\/\/emlaktuel.com\/index.php?rest_route=\/wp\/v2\/posts"}],"about":[{"href":"https:\/\/emlaktuel.com\/index.php?rest_route=\/wp\/v2\/types\/post"}],"author":[{"embeddable":true,"href":"https:\/\/emlaktuel.com\/index.php?rest_route=\/wp\/v2\/users\/1"}],"replies":[{"embeddable":true,"href":"https:\/\/emlaktuel.com\/index.php?rest_route=%2Fwp%2Fv2%2Fcomments&post=10019"}],"version-history":[{"count":1,"href":"https:\/\/emlaktuel.com\/index.php?rest_route=\/wp\/v2\/posts\/10019\/revisions"}],"predecessor-version":[{"id":10021,"href":"https:\/\/emlaktuel.com\/index.php?rest_route=\/wp\/v2\/posts\/10019\/revisions\/10021"}],"wp:featuredmedia":[{"embeddable":true,"href":"https:\/\/emlaktuel.com\/index.php?rest_route=\/wp\/v2\/media\/10020"}],"wp:attachment":[{"href":"https:\/\/emlaktuel.com\/index.php?rest_route=%2Fwp%2Fv2%2Fmedia&parent=10019"}],"wp:term":[{"taxonomy":"category","embeddable":true,"href":"https:\/\/emlaktuel.com\/index.php?rest_route=%2Fwp%2Fv2%2Fcategories&post=10019"},{"taxonomy":"post_tag","embeddable":true,"href":"https:\/\/emlaktuel.com\/index.php?rest_route=%2Fwp%2Fv2%2Ftags&post=10019"}],"curies":[{"name":"wp","href":"https:\/\/api.w.org\/{rel}","templated":true}]}}