{"id":10001,"date":"2017-01-08T23:12:07","date_gmt":"2017-01-08T20:12:07","guid":{"rendered":"http:\/\/emlaktuel.com\/?p=10001"},"modified":"2018-07-05T15:43:06","modified_gmt":"2018-07-05T12:43:06","slug":"istanbulda-okullar-kar-yagisi-nedeniyle-tatil-edildi","status":"publish","type":"post","link":"https:\/\/emlaktuel.com\/?p=10001","title":{"rendered":"\u0130stanbul&#8217;da okullar kar ya\u011f\u0131\u015f\u0131 nedeniyle tatil edildi"},"content":{"rendered":"<div class=\"hz_top_post\">\n<div class=\"hz_title_and_meta\">\n<div class=\"hz_title\">\n<h1><img loading=\"lazy\" class=\"alignnone size-medium wp-image-10002\" src=\"http:\/\/emlaktuel.com\/wp-content\/uploads\/2017\/01\/istanbulda-okullar-tatil_121586_e6dba-300x169.jpg\" alt=\"istanbulda-okullar-tatil_121586_e6dba\" width=\"300\" height=\"169\" \/><\/h1>\n<h1>\u00d6\u011frencilerin merakla bekledi\u011fi haber geldi. \u0130stanbul Valisi Vasip \u015eahin, okullar\u0131n yar\u0131n tatil edildi\u011fini s\u00f6yledi.<\/h1>\n<\/div>\n<\/div>\n<\/div>\n<div class=\"hz_main_post_content\">\n<div class=\"big_post_content\">\u0130stanbul Valisi Vasip \u015eahin, \u0130stanbul&#8217;da e\u011fitim ve \u00f6\u011fretime yar\u0131n ara verildi\u011fini sosyal medya hesab\u0131 Twitter hasab\u0131ndan duyurdu. Vali \u015eahin Twitter&#8217;dan yapt\u0131\u011f\u0131 a\u00e7\u0131klamada, &#8220;\u0130limizde zaman zaman devam eden kar ya\u011f\u0131\u015f\u0131 ve yo\u011fun buzlanma nedeniyle e\u011fitim-\u00f6\u011fretime yar\u0131n (pazartesi) 1 g\u00fcn s\u00fcre ile ara verilmi\u015ftir&#8221; ifadelerini kulland\u0131.Okullar\u0131n tatil edildi\u011fi \u015fehirler aras\u0131nda Konya, Kocaeli, Kastamonu, Bart\u0131n, Tokat Niksar, Edirne, Samsun, Nev\u015fehir, Tokat, Yalova, Bal\u0131kesir, \u00c7anakkale, Bursa, K\u0131rklareli, Zonguldak ve Yozgat bulunuyor.<\/div>\n<\/div>\n","protected":false},"excerpt":{"rendered":"<p>\u00d6\u011frencilerin merakla bekledi\u011fi haber geldi. \u0130stanbul Valisi Vasip \u015eahin, okullar\u0131n yar\u0131n tatil edildi\u011fini s\u00f6yledi. \u0130stanbul Valisi Vasip \u015eahin, \u0130stanbul&#8217;da e\u011fitim ve \u00f6\u011fretime yar\u0131n ara verildi\u011fini sosyal medya hesab\u0131 Twitter hasab\u0131ndan duyurdu. Vali \u015eahin Twitter&#8217;dan yapt\u0131\u011f\u0131 a\u00e7\u0131klamada, &#8220;\u0130limizde zaman zaman devam eden kar ya\u011f\u0131\u015f\u0131 ve yo\u011fun buzlanma nedeniyle e\u011fitim-\u00f6\u011fretime yar\u0131n (pazartesi) 1 g\u00fcn s\u00fcre ile ara [&hellip;]<\/p>\n","protected":false},"author":1,"featured_media":10002,"comment_status":"open","ping_status":"open","sticky":false,"template":"","format":"standard","meta":{"ngg_post_thumbnail":0},"categories":[26,97,5388],"tags":[73,6111,11496,6112,6113,11266,11123,118,11418],"_links":{"self":[{"href":"https:\/\/emlaktuel.com\/index.php?rest_route=\/wp\/v2\/posts\/10001"}],"collection":[{"href":"https:\/\/emlaktuel.com\/index.php?rest_route=\/wp\/v2\/posts"}],"about":[{"href":"https:\/\/emlaktuel.com\/index.php?rest_route=\/wp\/v2\/types\/post"}],"author":[{"embeddable":true,"href":"https:\/\/emlaktuel.com\/index.php?rest_route=\/wp\/v2\/users\/1"}],"replies":[{"embeddable":true,"href":"https:\/\/emlaktuel.com\/index.php?rest_route=%2Fwp%2Fv2%2Fcomments&post=10001"}],"version-history":[{"count":1,"href":"https:\/\/emlaktuel.com\/index.php?rest_route=\/wp\/v2\/posts\/10001\/revisions"}],"predecessor-version":[{"id":10003,"href":"https:\/\/emlaktuel.com\/index.php?rest_route=\/wp\/v2\/posts\/10001\/revisions\/10003"}],"wp:featuredmedia":[{"embeddable":true,"href":"https:\/\/emlaktuel.com\/index.php?rest_route=\/wp\/v2\/media\/10002"}],"wp:attachment":[{"href":"https:\/\/emlaktuel.com\/index.php?rest_route=%2Fwp%2Fv2%2Fmedia&parent=10001"}],"wp:term":[{"taxonomy":"category","embeddable":true,"href":"https:\/\/emlaktuel.com\/index.php?rest_route=%2Fwp%2Fv2%2Fcategories&post=10001"},{"taxonomy":"post_tag","embeddable":true,"href":"https:\/\/emlaktuel.com\/index.php?rest_route=%2Fwp%2Fv2%2Ftags&post=10001"}],"curies":[{"name":"wp","href":"https:\/\/api.w.org\/{rel}","templated":true}]}}